{"id":79,"date":"2015-01-31T18:06:19","date_gmt":"2015-01-31T18:06:19","guid":{"rendered":"http:\/\/centrulvitalis.com\/hu\/?p=79"},"modified":"2015-01-31T18:06:19","modified_gmt":"2015-01-31T18:06:19","slug":"kezelesek-aktiv-gyogynovenyes-hatoanyagokkal","status":"publish","type":"post","link":"https:\/\/centrulvitalis.com\/hu\/2015\/01\/31\/kezelesek-aktiv-gyogynovenyes-hatoanyagokkal\/","title":{"rendered":"Kezel\u00e9sek akt\u00edv gy\u00f3gyn\u00f6v\u00e9nyes hat\u00f3anyagokkal"},"content":{"rendered":"<p><strong>\u00dagy d\u00f6nt\u00f6tt, hogy t\u00fcnetei enyh\u00edt\u00e9s\u00e9re term\u00e9szetes gy\u00f3gym\u00f3dokat v\u00e1laszt, vagy szeretn\u00e9 kieg\u00e9sz\u00edteni eddigi kezel\u00e9s\u00e9t?<\/strong><\/p>\n<p><strong>A Vit\u00e1lis szakemberei megtal\u00e1lj\u00e1k a paciens sz\u00e1m\u00e1ra legmegfelel\u0151bb m\u00f3dszert nyomat\u00e9kos\u00edtva, hogy bizonyos heveny vagy kr\u00f3nikus folyamatok \u00e9s t\u00fcnetek kezel\u00e9s\u00e9re els\u0151dlegesen v\u00e1lasztand\u00f3 gy\u00f3gykezel\u00e9si form\u00e1k hagyom\u00e1nyos orvosi diagn\u00f3zist \u00e9s szakszer\u0171 gy\u00f3gyszeres kezel\u00e9st ig\u00e9nyelnek!<\/strong> Ebben az esetben a pacienst \u00e1tir\u00e1ny\u00edtjuk egy szakorvoshoz a hagyom\u00e1nyos gy\u00f3gyszeres kezel\u00e9s felt\u00e9teleinek biztos\u00edt\u00e1s\u00e1\u00e9rt.<\/p>\n<p>A Vitalis seg\u00edt megtal\u00e1lni a term\u00e9szet \u00e1ltal ny\u00fajtott b\u0151s\u00e9ges lehet\u0151s\u00e9geket \u00e9s az \u00f6ngy\u00f3gy\u00edt\u00e1s \u00e9vezredes b\u00f6lcsess\u00e9g\u00e9t.<\/p>\n<p>A gy\u00f3gyn\u00f6v\u00e9nyek, a t\u00e1pl\u00e1l\u00e9k-kieg\u00e9sz\u00edt\u0151k, vitaminok az \u201c\u00e9l\u0151 t\u00e1pl\u00e1l\u00e9k\u201d kieg\u00e9sz\u00edtik a hagyom\u00e1nyos orvosi kezel\u00e9seket, vagy egyes esetekben helyettes\u00edthetik is azokat.<\/p>\n<p><img loading=\"lazy\" decoding=\"async\" src=\"http:\/\/centrulvitalis.com\/hu\/wp-content\/uploads\/2015\/01\/Powerful-medicinal-plants-1024x651.jpg\" alt=\"\" width=\"604\" height=\"384\" class=\"aligncenter size-large wp-image-80\" srcset=\"https:\/\/centrulvitalis.com\/hu\/wp-content\/uploads\/2015\/01\/Powerful-medicinal-plants-1024x651.jpg 1024w, https:\/\/centrulvitalis.com\/hu\/wp-content\/uploads\/2015\/01\/Powerful-medicinal-plants-300x191.jpg 300w, https:\/\/centrulvitalis.com\/hu\/wp-content\/uploads\/2015\/01\/Powerful-medicinal-plants.jpg 1259w\" sizes=\"auto, (max-width: 604px) 100vw, 604px\" \/><\/p>\n<p>Az aj\u00e1nl\u00e1sok egyediek \u00e9s szem\u00e9lyre sz\u00f3l\u00f3ak. Az ideger\u0151s\u00edt\u0151, energiz\u00e1l\u00f3, szorong\u00e1sold\u00f3, hangulatjav\u00edt\u00f3, term\u00e9kek mellett sikeresen alkalmazzuk a m\u00e9reganyagok elt\u00e1vol\u00edt\u00e1s\u00e1ra alkalmas hat\u00f3anyagokat, gyullad\u00e1s \u00e9s f\u00e1jdalomcs\u00f6kkent\u0151 hat\u00e1ssal b\u00edr\u00f3, immuner\u0151s\u00edt\u0151, em\u00e9szt\u00e9st \u00e9s hormon\u00e1lis egyens\u00falyt, szab\u00e1lyz\u00f3 hat\u00f3anyagokat is.<\/p>\n<p>A v\u00e9rcsoportok szerinti di\u00e9ta \u00e9s m\u00e1s \u00e9letm\u00f3d \u00e9s t\u00e1pl\u00e1lkoz\u00e1si tan\u00e1csok seg\u00edts\u00e9get ny\u00fajtanak abban, hogy a term\u00e9szetes gy\u00f3gym\u00f3dokban rejl\u0151 maxim\u00e1lis lehet\u0151s\u00e9geket kiakn\u00e1zzuk.<\/p>\n<p><strong>\u00daJ!!! N\u00f6v\u00e9nyi hat\u00f3anyagok, vitaminok, t\u00e1pl\u00e1l\u00e9k-kieg\u00e9sz\u00edt\u0151k szervezetbeli hasznosul\u00e1s\u00e1nak m\u00e9r\u00e9se <\/strong><\/p>\n","protected":false},"excerpt":{"rendered":"<p>\u00dagy d\u00f6nt\u00f6tt, hogy t\u00fcnetei enyh\u00edt\u00e9s\u00e9re term\u00e9szetes gy\u00f3gym\u00f3dokat v\u00e1laszt, vagy szeretn\u00e9 kieg\u00e9sz\u00edteni eddigi kezel\u00e9s\u00e9t? A Vit\u00e1lis szakemberei megtal\u00e1lj\u00e1k a paciens sz\u00e1m\u00e1ra legmegfelel\u0151bb m\u00f3dszert nyomat\u00e9kos\u00edtva, hogy bizonyos heveny vagy kr\u00f3nikus folyamatok \u00e9s t\u00fcnetek kezel\u00e9s\u00e9re els\u0151dlegesen v\u00e1lasztand\u00f3 gy\u00f3gykezel\u00e9si form\u00e1k hagyom\u00e1nyos orvosi diagn\u00f3zist \u00e9s szakszer\u0171 gy\u00f3gyszeres kezel\u00e9st ig\u00e9nyelnek! Ebben az esetben a pacienst \u00e1tir\u00e1ny\u00edtjuk egy szakorvoshoz a hagyom\u00e1nyos gy\u00f3gyszeres &hellip; <a href=\"https:\/\/centrulvitalis.com\/hu\/2015\/01\/31\/kezelesek-aktiv-gyogynovenyes-hatoanyagokkal\/\" class=\"more-link\"><span class=\"screen-reader-text\">Kezel\u00e9sek akt\u00edv gy\u00f3gyn\u00f6v\u00e9nyes hat\u00f3anyagokkal<\/span> b\u0151vebben&#8230; <span class=\"meta-nav\">&rarr;<\/span><\/a><\/p>\n","protected":false},"author":1,"featured_media":0,"comment_status":"closed","ping_status":"closed","sticky":false,"template":"","format":"standard","meta":{"footnotes":""},"categories":[11],"tags":[],"class_list":["post-79","post","type-post","status-publish","format-standard","hentry","category-novenyi-gyogymodok"],"_links":{"self":[{"href":"https:\/\/centrulvitalis.com\/hu\/wp-json\/wp\/v2\/posts\/79","targetHints":{"allow":["GET"]}}],"collection":[{"href":"https:\/\/centrulvitalis.com\/hu\/wp-json\/wp\/v2\/posts"}],"about":[{"href":"https:\/\/centrulvitalis.com\/hu\/wp-json\/wp\/v2\/types\/post"}],"author":[{"embeddable":true,"href":"https:\/\/centrulvitalis.com\/hu\/wp-json\/wp\/v2\/users\/1"}],"replies":[{"embeddable":true,"href":"https:\/\/centrulvitalis.com\/hu\/wp-json\/wp\/v2\/comments?post=79"}],"version-history":[{"count":1,"href":"https:\/\/centrulvitalis.com\/hu\/wp-json\/wp\/v2\/posts\/79\/revisions"}],"predecessor-version":[{"id":81,"href":"https:\/\/centrulvitalis.com\/hu\/wp-json\/wp\/v2\/posts\/79\/revisions\/81"}],"wp:attachment":[{"href":"https:\/\/centrulvitalis.com\/hu\/wp-json\/wp\/v2\/media?parent=79"}],"wp:term":[{"taxonomy":"category","embeddable":true,"href":"https:\/\/centrulvitalis.com\/hu\/wp-json\/wp\/v2\/categories?post=79"},{"taxonomy":"post_tag","embeddable":true,"href":"https:\/\/centrulvitalis.com\/hu\/wp-json\/wp\/v2\/tags?post=79"}],"curies":[{"name":"wp","href":"https:\/\/api.w.org\/{rel}","templated":true}]}}