{"id":55,"date":"2015-01-30T10:35:28","date_gmt":"2015-01-30T10:35:28","guid":{"rendered":"http:\/\/centrulvitalis.com\/hu\/?p=55"},"modified":"2015-01-30T10:35:28","modified_gmt":"2015-01-30T10:35:28","slug":"mikor-ajanlott-a-biorezonancias-vizsgalat","status":"publish","type":"post","link":"https:\/\/centrulvitalis.com\/hu\/2015\/01\/30\/mikor-ajanlott-a-biorezonancias-vizsgalat\/","title":{"rendered":"Mikor aj\u00e1nlott a biorezonanci\u00e1s vizsg\u00e1lat?"},"content":{"rendered":"<ul>\n<li><strong>K\u00e9nyelmetlen testi- lelki panaszokkal k\u00fcszk\u00f6dsz?<\/strong><\/li>\n<li><strong>\u00a0Nem tudod, milyen szakemberhez fordulj?<\/strong><\/li>\n<li><strong>T\u00f6bb kivizsg\u00e1l\u00e1s, lelet \u00e9s kezel\u00e9s ut\u00e1n m\u00e9g mindig nem enyh\u00fcltek a t\u00fcneteid?<\/strong><\/li>\n<\/ul>\n<p>A Vitalis K\u00f6zpont a k\u00f6vetkez\u0151<strong> f\u00e1jdalommentes, gyors \u00e9s sz\u00e9lesk\u00f6r\u0171<\/strong> eg\u00e9szs\u00e9gfelm\u00e9r\u00e9st aj\u00e1nlja:<br \/>\n<strong>Pszichoszomatikai<\/strong> \u00e9s<strong> energetikai<\/strong> \u00e1llapotfelm\u00e9r\u00e9s <strong>biorezonanci\u00e1s<\/strong> feedback m\u00f3dszerrel-<strong> SCIO<\/strong> m\u0171szer<\/p>\n<p>Ez a kivizsg\u00e1l\u00e1s <strong>megel\u0151zheti<\/strong> vagy<strong> kieg\u00e9sz\u00edtheti<\/strong> az orvosi vagy laborat\u00f3riumi vizsg\u00e1latokat \u00e1tfog\u00f3 k\u00e9pet ny\u00fajtva a szervezet m\u0171k\u00f6d\u00e9si \u00e1llapot\u00e1r\u00f3l energetikai, funkcion\u00e1lis, szervi szinten.<em> Egy <strong>prediagnosztikai<\/strong> m\u00f3dszer nem helyettes\u00edti a szakir\u00e1ny\u00fa orvosi diagn\u00f3zist.<\/em><br \/>\nEz az egyedi m\u00f3dszer a sejtek, sz\u00f6vetek, szervek \u00e9s szervrendszerek <strong>elektrom\u00e1gneses oszcill\u00e1ci\u00f3j\u00e1t<\/strong> \u00e9s energetikai funkci\u00f3t m\u00e9ri <strong>12 elektr\u00f3da<\/strong> seg\u00edts\u00e9g\u00e9vel. K\u00f6zel 1o.ooo energetikai reakci\u00f3 minta alapj\u00e1n oszt\u00e1lyozza \u00e9s jelen\u00edti meg a test aktu\u00e1lis m\u0171k\u00f6d\u00e9s\u00e9t.<br \/>\nA biorezonanci\u00e1s m\u0171szer el\u0151nye abban rejlik, hogy a testben zajl\u00f3 \u00e9lettani folyamatokat \u00e1tfog\u00f3an<strong> holisztikus<\/strong> m\u00f3don tudja vizsg\u00e1lni.<\/p>\n<p>Seg\u00edt a k\u00fcl\u00f6nb\u00f6z\u0151 t\u00fcnetek illetve szervek k\u00f6z\u00f6tti<strong> kapcsolat<\/strong> felt\u00e1r\u00e1s\u00e1ban, r\u00e1vezetve a probl\u00e9ma <strong>m\u00e9lyebb okaira.<\/strong><\/p>\n<p><img loading=\"lazy\" decoding=\"async\" class=\"aligncenter size-full wp-image-56\" src=\"http:\/\/centrulvitalis.com\/hu\/wp-content\/uploads\/2015\/01\/1345637525845.jpg\" alt=\"\" width=\"620\" height=\"260\" srcset=\"https:\/\/centrulvitalis.com\/hu\/wp-content\/uploads\/2015\/01\/1345637525845.jpg 620w, https:\/\/centrulvitalis.com\/hu\/wp-content\/uploads\/2015\/01\/1345637525845-300x126.jpg 300w\" sizes=\"auto, (max-width: 620px) 100vw, 620px\" \/><br \/>\n<strong><span style=\"color: #ff0000;\">\u00daJ !!! <\/span>A SCIO m\u0171szerrel vizsg\u00e1lhat\u00f3 energetikai zavarok a keleti orvosl\u00e1s t\u00fckr\u00e9ben:<\/strong><\/p>\n<ul>\n<li><span style=\"text-decoration: underline;\"><strong>Meridi\u00e1n vizsg\u00e1lat (yin-yang energia hi\u00e1ny vagy t\u00f6bblet)<\/strong><\/span><\/li>\n<li><span style=\"text-decoration: underline;\"><strong>Energatikai csom\u00f3pontok vizsg\u00e1lata (csakr\u00e1k)<\/strong><\/span><\/li>\n<li><span style=\"text-decoration: underline;\"><strong>Bioenergetikai t\u00e9r megjeln\u00edt\u00e9se \u00e9s vizsg\u00e1lata (aura)<\/strong><\/span><\/li>\n<\/ul>\n","protected":false},"excerpt":{"rendered":"<p>K\u00e9nyelmetlen testi- lelki panaszokkal k\u00fcszk\u00f6dsz? \u00a0Nem tudod, milyen szakemberhez fordulj? T\u00f6bb kivizsg\u00e1l\u00e1s, lelet \u00e9s kezel\u00e9s ut\u00e1n m\u00e9g mindig nem enyh\u00fcltek a t\u00fcneteid? A Vitalis K\u00f6zpont a k\u00f6vetkez\u0151 f\u00e1jdalommentes, gyors \u00e9s sz\u00e9lesk\u00f6r\u0171 eg\u00e9szs\u00e9gfelm\u00e9r\u00e9st aj\u00e1nlja: Pszichoszomatikai \u00e9s energetikai \u00e1llapotfelm\u00e9r\u00e9s biorezonanci\u00e1s feedback m\u00f3dszerrel- SCIO m\u0171szer Ez a kivizsg\u00e1l\u00e1s megel\u0151zheti vagy kieg\u00e9sz\u00edtheti az orvosi vagy laborat\u00f3riumi vizsg\u00e1latokat \u00e1tfog\u00f3 k\u00e9pet &hellip; <a href=\"https:\/\/centrulvitalis.com\/hu\/2015\/01\/30\/mikor-ajanlott-a-biorezonancias-vizsgalat\/\" class=\"more-link\"><span class=\"screen-reader-text\">Mikor aj\u00e1nlott a biorezonanci\u00e1s vizsg\u00e1lat?<\/span> b\u0151vebben&#8230; <span class=\"meta-nav\">&rarr;<\/span><\/a><\/p>\n","protected":false},"author":1,"featured_media":0,"comment_status":"closed","ping_status":"closed","sticky":false,"template":"","format":"standard","meta":{"footnotes":""},"categories":[5],"tags":[],"class_list":["post-55","post","type-post","status-publish","format-standard","hentry","category-scio-biorezonancias-egeszsegfelmeres"],"_links":{"self":[{"href":"https:\/\/centrulvitalis.com\/hu\/wp-json\/wp\/v2\/posts\/55","targetHints":{"allow":["GET"]}}],"collection":[{"href":"https:\/\/centrulvitalis.com\/hu\/wp-json\/wp\/v2\/posts"}],"about":[{"href":"https:\/\/centrulvitalis.com\/hu\/wp-json\/wp\/v2\/types\/post"}],"author":[{"embeddable":true,"href":"https:\/\/centrulvitalis.com\/hu\/wp-json\/wp\/v2\/users\/1"}],"replies":[{"embeddable":true,"href":"https:\/\/centrulvitalis.com\/hu\/wp-json\/wp\/v2\/comments?post=55"}],"version-history":[{"count":1,"href":"https:\/\/centrulvitalis.com\/hu\/wp-json\/wp\/v2\/posts\/55\/revisions"}],"predecessor-version":[{"id":57,"href":"https:\/\/centrulvitalis.com\/hu\/wp-json\/wp\/v2\/posts\/55\/revisions\/57"}],"wp:attachment":[{"href":"https:\/\/centrulvitalis.com\/hu\/wp-json\/wp\/v2\/media?parent=55"}],"wp:term":[{"taxonomy":"category","embeddable":true,"href":"https:\/\/centrulvitalis.com\/hu\/wp-json\/wp\/v2\/categories?post=55"},{"taxonomy":"post_tag","embeddable":true,"href":"https:\/\/centrulvitalis.com\/hu\/wp-json\/wp\/v2\/tags?post=55"}],"curies":[{"name":"wp","href":"https:\/\/api.w.org\/{rel}","templated":true}]}}