{"id":364,"date":"2025-06-20T08:40:27","date_gmt":"2025-06-20T08:40:27","guid":{"rendered":"https:\/\/centrulvitalis.com\/hu\/?p=364"},"modified":"2025-09-21T09:24:08","modified_gmt":"2025-09-21T09:24:08","slug":"reiki-kepzes-oktober-18-19-eletminoseg-javito-japan-stresszkezelesi-es-onsegito-modszer","status":"publish","type":"post","link":"https:\/\/centrulvitalis.com\/hu\/2025\/06\/20\/reiki-kepzes-oktober-18-19-eletminoseg-javito-japan-stresszkezelesi-es-onsegito-modszer\/","title":{"rendered":"REIKI k\u00e9pz\u00e9s Okt\u00f3ber 18-19 &#8211; \u00c9letmin\u0151s\u00e9g jav\u00edt\u00f3 jap\u00e1n stresszkezel\u00e9si \u00e9s \u00f6nseg\u00edt\u0151 m\u00f3dszer"},"content":{"rendered":"<h4>\u00c9letmin\u0151s\u00e9g jav\u00edt\u00f3 jap\u00e1n stresszkezel\u00e9si \u00e9s \u00f6nseg\u00edt\u0151 m\u00f3dszer<\/h4>\n<h4>REIKI k\u00e9pz\u00e9s , Marosv\u00e1s\u00e1rhely, Okt\u00f3ber 18-19<\/h4>\n<p><a href=\"https:\/\/centrulvitalis.com\/hu\/wp-content\/uploads\/2024\/09\/reiki.webp\"><img loading=\"lazy\" decoding=\"async\" class=\"alignnone size-full wp-image-373\" src=\"https:\/\/centrulvitalis.com\/hu\/wp-content\/uploads\/2024\/09\/reiki.webp\" alt=\"\" width=\"1024\" height=\"683\" srcset=\"https:\/\/centrulvitalis.com\/hu\/wp-content\/uploads\/2024\/09\/reiki.webp 1024w, https:\/\/centrulvitalis.com\/hu\/wp-content\/uploads\/2024\/09\/reiki-300x200.webp 300w, https:\/\/centrulvitalis.com\/hu\/wp-content\/uploads\/2024\/09\/reiki-768x512.webp 768w\" sizes=\"auto, (max-width: 1024px) 100vw, 1024px\" \/><\/a><\/p>\n<p><strong><em>Mi\u00e9rt \u00e9ppen ez a REIKI \u00a0USUI\u00a0 tanfolyam?<\/em><\/strong><\/p>\n<ol>\n<li><span style=\"color: #000000;\"><strong><em>A m\u00f3dszer a Eg\u00e9szs\u00e9g\u00fcgyi Vil\u00e1gszervezet \u00e1ltal elismert\u00a0 kieg\u00e9sz<span style=\"text-decoration: underline;\">\u00edt\u0151 m\u00f3dszer<\/span>! <\/em><\/strong><\/span><\/li>\n<li><span style=\"color: #000000;\"><strong><em>\u00a0A k\u00e9pz\u00e9s elv\u00e9gz\u00e9s\u00e9r\u0151l hagyom\u00e1nyos REIKI USUI SHIKI RYOHO -oklevelet<\/em><\/strong> <strong>biztos\u00edtunk!\u00a0<\/strong><\/span><\/li>\n<li><span style=\"color: #000000;\"><strong><em>Az oktat\u00f3\u00a0 t\u00f6bb mint 15 \u00e9ves gyakorlattal \u00a0rendelkezik a Reiki Usui Shiki Ryoho Iskola keret\u00e9n bel\u00fcl,\u00a0 Reiki Gendai k\u00e9pz\u00e9s\u00e9t Jap\u00e1nban folytatta Sensei Hiroshi tan\u00edtv\u00e1nyak\u00e9nt. \u00a0Pszichi\u00e1ter szakorvos, stresszkezel\u00e9s \u00e9s pszichoszomatika ter\u00fclet\u00e9n j\u00e1rtas szakember.<\/em><\/strong><\/span><\/li>\n<li><span style=\"color: #000000;\"><strong><em>A m\u00f3dszer a tanfolyam ut\u00e1n \u00a0\u00f6n\u00e1ll\u00f3an alkalmazhat\u00f3 b\u00e1rmikor<\/em><em>!\u00a0<\/em><\/strong><\/span><\/li>\n<li><span style=\"color: #000000;\"><strong><em>Tanulm\u00e1nyok bizony\u00edtj\u00e1k a reiki<\/em> <em>stressz cs\u00f6kkent\u0151<\/em><em>, <\/em><em>szorong\u00e1sold\u00f3, hangulatjav\u00edt\u00f3<\/em> <em>f\u00e1jdalomcs\u00f6kkent\u0151 hat\u00e1st.<\/em> <em>M\u00e9regtelen\u00edt, felgyors\u00edtja a gy\u00f3gyul\u00e1si folyamatokat, t\u00f6bblet energi\u00e1t \u00e9s er\u0151t ad fizikai \u00e9s pszich\u00e9s megterhel\u00e9s eset\u00e9n.\u00a0<\/em><\/strong><\/span><\/li>\n<li><strong>Kit\u0171n\u0151 a burn out megel\u0151z\u00e9s\u00e9re \u00e9s kezel\u00e9s\u00e9re.<\/strong><\/li>\n<li><span style=\"color: #000000;\"><strong><em>Fejleszti a szem\u00e9lyis\u00e9get, <\/em><em>s<\/em><em>eg\u00edt a negat\u00edv gondolati \u00e9s \u00e9rzelmi mint\u00e1kt\u00f3l val\u00f3 megszabadul\u00e1sban \u00e9s a pozit\u00edv \u00e9letszeml\u00e9let kialak\u00edt\u00e1s\u00e1ban.<\/em><\/strong><\/span><\/li>\n<li><span style=\"color: #000000;\"><strong><em>Hozz\u00e1j\u00e1rul a spiritu\u00e1lis fejl\u0151d\u00e9shez, \u00f6nismerethez \u00e9s \u00f6nmegval\u00f3s\u00edt\u00e1shoz.<\/em><\/strong><\/span><\/li>\n<li><span style=\"color: #000000;\"><strong><em>Nem ig\u00e9nyel el\u0151zetes ismereteket, k\u00e9pess\u00e9geket. Dogm\u00e1kt\u00f3l \u00e9s merev szab\u00e1lyrendszerekt\u0151l mentes, \u00edgy \u00f6sszeegyeztethet\u0151 minden vall\u00e1ssal \u00e9s vil\u00e1gn\u00e9zettel.<\/em><\/strong><\/span><\/li>\n<li><span style=\"color: #000000;\"><strong><em>T\u00f6bb Eur\u00f3pai \u00e9s Amerikai K\u00f3rh\u00e1zban ig\u00e9nyelhet\u0151 m\u00e1r, mint kieg\u00e9sz\u00edt\u0151 gy\u00f3gy\u00e1szati m\u00f3dszer.<\/em><\/strong><\/span><\/li>\n<\/ol>\n<p><strong><em>SZ\u00c1NJ EGY H\u00c9TV\u00c9G\u00c9T \u00c9LETMIN\u0150S\u00c9GED JAV\u00cdT\u00c1S\u00c1RA!<\/em><\/strong><\/p>\n<p><strong><span style=\"text-decoration: underline;\">A tanfolyam id<\/span><\/strong><strong><span style=\"text-decoration: underline;\">\u0151pontja:<\/span><\/strong><\/p>\n<p><strong>Reiki I.<\/strong><strong>\u00a0<\/strong>Teljes h\u00e9tv\u00e9ge <strong>-Okt\u00f3ber 18-19<\/strong><\/p>\n<p><strong>Szombat,Okt\u00f3ber 18 reggel 9.00-18.00, <\/strong><\/p>\n<p><strong>Vas\u00e1rnap Okt\u00f3ber 19 d\u00e9lut\u00e1n 17.00-ig<\/strong><\/p>\n<p>Reiki II. \u00a0szint, \u00a0a Reiki I. szint ut\u00e1n leghamarabb 10-12 h\u00e9ttel saj\u00e1t\u00edthat\u00f3 el!<\/p>\n<p><strong><span style=\"text-decoration: underline;\">K\u00e9pz\u00e9s nyelve: Rom\u00e1n vegyes csoport<\/span><\/strong><\/p>\n<p><strong>K\u00e9pz\u0151:\u00a0<\/strong><strong>Dr. Ily\u00e9s Zsolt pszichi\u00e1ter szakorvos, stresszkezel\u00e9si szakember,\u00a0 tradicion\u00e1lis Usui\u00a0 Reiki oktat\u00f3. <\/strong><\/p>\n<p><strong>Elm\u00e9leti \u00e9s gyakorlati k\u00e9pz\u00e9s\u00e9t a m\u00f3dszerben a Rom\u00e1niai\u00a0 REIKI Egyes\u00fclet keret\u00e9ben v\u00e9gezte (ARU),\u00a0 t\u00f6bb mint 15 \u00e9ve haszn\u00e1lja \u00a0a Reiki m\u00f3dszer\u00e9t \u00fagy egy\u00e9nileg, \u00a0mint a ter\u00e1pi\u00e1k keret\u00e9n bel\u00fcl. \u00a02015-ben Jap\u00e1nban \u00a0folytatta a Gendai Reiki m\u00f3dszer elsaj\u00e1t\u00edt\u00e1s\u00e1t.\u00a0<\/strong><\/p>\n<p><strong><span style=\"text-decoration: underline;\">Jelentkez\u00e9s:<\/span><\/strong><\/p>\n<p>Jelentkez\u00e9si hat\u00e1rid\u0151: <strong>Szeptember 30<\/strong><\/p>\n<p>R\u00e9sztvev\u0151k sz\u00e1ma <strong>korl\u00e1tozott. Max 8 szem\u00e9ly.<\/strong><\/p>\n<p>Minim\u00e1lis r\u00e9szv\u00e9teli sz\u00e1m : min, 4 szem\u00e9ly<\/p>\n<p>K\u00e9pz\u00e9s nyelve: rom\u00e1n- vegyes csoport<\/p>\n<p><strong><span style=\"text-decoration: underline;\">Helysz\u00edn:<\/span><\/strong><\/p>\n<p><strong><span style=\"text-decoration: underline;\">Marosv\u00e1s\u00e1rhely, Ion Creanga 1 sz\u00e1m, Centrul Vitalis, (a S\u00e1ros utc\u00e1b\u00f3l ny\u00edl\u00f3 kis utca)<\/span><\/strong><\/p>\n<p><strong><span style=\"text-decoration: underline;\">R\u00e9szv\u00e9teli d\u00edj:<\/span><\/strong><strong>\u00a0<\/strong><\/p>\n<p><strong>Reiki I szint &#8211; 1250 RON<\/strong><strong>\/ szem\u00e9ly<\/strong><\/p>\n<p><strong>Kedvezm\u00e9ny:\u00a0<\/strong>Egy csal\u00e1don bel\u00fcl amennyiben 2 jelentkez\u0151 van (f\u00e9rj, feles\u00e9g, p\u00e1r, sz\u00fcl\u0151 gyermek) a m\u00e1sodik szem\u00e9ly d\u00edja<strong> 850<\/strong> <strong>RON.<\/strong><\/p>\n<p style=\"text-align: center;\"><a href=\"https:\/\/centrulvitalis.com\/hu\/wp-content\/uploads\/2024\/07\/Reiki-kepzes-24.08.03-04.png\"><img loading=\"lazy\" decoding=\"async\" class=\"alignnone wp-image-368 size-medium\" src=\"https:\/\/centrulvitalis.com\/hu\/wp-content\/uploads\/2024\/07\/Reiki-kepzes-24.08.03-04-e1726425276312-300x228.png\" alt=\"\" width=\"300\" height=\"228\" srcset=\"https:\/\/centrulvitalis.com\/hu\/wp-content\/uploads\/2024\/07\/Reiki-kepzes-24.08.03-04-e1726425276312-300x228.png 300w, https:\/\/centrulvitalis.com\/hu\/wp-content\/uploads\/2024\/07\/Reiki-kepzes-24.08.03-04-e1726425276312-768x583.png 768w, https:\/\/centrulvitalis.com\/hu\/wp-content\/uploads\/2024\/07\/Reiki-kepzes-24.08.03-04-e1726425276312.png 940w\" sizes=\"auto, (max-width: 300px) 100vw, 300px\" \/><\/a><\/p>\n<p><strong><em><span style=\"text-decoration: underline;\">Megjegyz<\/span><\/em><\/strong><strong><em><span style=\"text-decoration: underline;\">\u00e9s:<\/span><\/em><\/strong><\/p>\n<p>a. K\u00e9rj\u00fck a jelentkez\u00e9si hat\u00e1rid\u0151k betart\u00e1s\u00e1t\u00a0 a szervez\u00e9s miatt.<\/p>\n<p>b. \u00d6lt\u00f6zet k\u00e9nyelmes, laza.<\/p>\n<p>d. Az oktat\u00f3 fenntartja a tanfolyamon val\u00f3 r\u00e9szv\u00e9tel visszautas\u00edt\u00e1s\u00e1nak jog\u00e1t amennyiben a jelentkez\u0151 \u00e1llapota objekt\u00edv m\u00f3don \u00a0nem engedi ezt meg ! Amennyiben valaki pszich\u00e9s betegs\u00e9g miatt gy\u00f3gyszeres kezel\u00e9sben r\u00e9szes\u00fcl k\u00f6teless\u00e9ge az oktat\u00f3t err\u0151l \u00e9rtes\u00edteni.<\/p>\n<p>e. Akinek a nyugta mell\u00e9 sz\u00fcks\u00e9ge van c\u00e9ges sz\u00e1ml\u00e1ra is k\u00e9rj\u00fck\u00a0 ezen ig\u00e9ny\u00e9t id\u0151ben jelezze! A tanfolyam mint stressz kezel\u00e9si k\u00e9pz\u00e9s elsz\u00e1molhat\u00f3 seg\u00edt\u0151 szakm\u00e1ban dolgoz\u00f3k sz\u00e1m\u00e1ra.<\/p>\n<p><strong><em><span style=\"text-decoration: underline;\">Iratkoz\u00e1s \u00e9s b\u0151vebb inform\u00e1ci\u00f3k:<\/span><\/em><\/strong><br \/>\n<span id=\"yui_3_16_0_ym19_1_1487804849401_23212\" class=\"yiv0659397265textexposedshow\">Jelentkezni email-en vagy telefonon lehet Szeptember 30-ig<\/span><\/p>\n<p><span id=\"yui_3_16_0_ym19_1_1487804849401_23212\" class=\"yiv0659397265textexposedshow\">R\u00e9szv\u00e9telhez\u00a0 25 % el\u0151leg befizet\u00e9s sz\u00fcks\u00e9ges! A befizetett el\u0151leg nem visszat\u00e9r\u00edtend\u0151 amennyiben a jelentkez\u0151 lemondja a r\u00e9szv\u00e9telt.<\/span><\/p>\n<p><span class=\"yiv0659397265textexposedshow\">Email: <strong>zsolt_ilyes@yahoo.com\u00a0 \u00a0<\/strong><\/span><\/p>\n<p>0745915022<\/p>\n<p class=\"yiv0659397265MsoNormal\"><strong>V\u00e1runk \u00a0szeretettel!\u00a0 \u00a0\u00a0<\/strong><\/p>\n<p><strong>Dr. Ily\u00e9s Zsolt pszichi\u00e1ter szakorvos, stresszkezel\u00e9si \u00e9s pszichoszomatikus szakember,\u00a0 tradicion\u00e1lis Usui\u00a0 Reiki oktat\u00f3.<\/strong><\/p>\n<p>&nbsp;<\/p>\n","protected":false},"excerpt":{"rendered":"<p>\u00c9letmin\u0151s\u00e9g jav\u00edt\u00f3 jap\u00e1n stresszkezel\u00e9si \u00e9s \u00f6nseg\u00edt\u0151 m\u00f3dszer REIKI k\u00e9pz\u00e9s , Marosv\u00e1s\u00e1rhely, Okt\u00f3ber 18-19 Mi\u00e9rt \u00e9ppen ez a REIKI \u00a0USUI\u00a0 tanfolyam? A m\u00f3dszer a Eg\u00e9szs\u00e9g\u00fcgyi Vil\u00e1gszervezet \u00e1ltal elismert\u00a0 kieg\u00e9sz\u00edt\u0151 m\u00f3dszer! \u00a0A k\u00e9pz\u00e9s elv\u00e9gz\u00e9s\u00e9r\u0151l hagyom\u00e1nyos REIKI USUI SHIKI RYOHO -oklevelet biztos\u00edtunk!\u00a0 Az oktat\u00f3\u00a0 t\u00f6bb mint 15 \u00e9ves gyakorlattal \u00a0rendelkezik a Reiki Usui Shiki Ryoho Iskola keret\u00e9n bel\u00fcl,\u00a0 &hellip; <a href=\"https:\/\/centrulvitalis.com\/hu\/2025\/06\/20\/reiki-kepzes-oktober-18-19-eletminoseg-javito-japan-stresszkezelesi-es-onsegito-modszer\/\" class=\"more-link\"><span class=\"screen-reader-text\">REIKI k\u00e9pz\u00e9s Okt\u00f3ber 18-19 &#8211; \u00c9letmin\u0151s\u00e9g jav\u00edt\u00f3 jap\u00e1n stresszkezel\u00e9si \u00e9s \u00f6nseg\u00edt\u0151 m\u00f3dszer<\/span> b\u0151vebben&#8230; <span class=\"meta-nav\">&rarr;<\/span><\/a><\/p>\n","protected":false},"author":1,"featured_media":373,"comment_status":"closed","ping_status":"closed","sticky":false,"template":"","format":"standard","meta":{"footnotes":""},"categories":[6,16,1],"tags":[55,56,17,54,50,49],"class_list":["post-364","post","type-post","status-publish","format-standard","has-post-thumbnail","hentry","category-reiki","category-reiki-tanfolyam","category-uncategorized","tag-burn-out-prevencio","tag-pszichoszomatika","tag-reiki","tag-reiki-tanfolyam-marosvasarhely","tag-stressz-kezeles","tag-usui-reiki-ryoho"],"_links":{"self":[{"href":"https:\/\/centrulvitalis.com\/hu\/wp-json\/wp\/v2\/posts\/364","targetHints":{"allow":["GET"]}}],"collection":[{"href":"https:\/\/centrulvitalis.com\/hu\/wp-json\/wp\/v2\/posts"}],"about":[{"href":"https:\/\/centrulvitalis.com\/hu\/wp-json\/wp\/v2\/types\/post"}],"author":[{"embeddable":true,"href":"https:\/\/centrulvitalis.com\/hu\/wp-json\/wp\/v2\/users\/1"}],"replies":[{"embeddable":true,"href":"https:\/\/centrulvitalis.com\/hu\/wp-json\/wp\/v2\/comments?post=364"}],"version-history":[{"count":2,"href":"https:\/\/centrulvitalis.com\/hu\/wp-json\/wp\/v2\/posts\/364\/revisions"}],"predecessor-version":[{"id":383,"href":"https:\/\/centrulvitalis.com\/hu\/wp-json\/wp\/v2\/posts\/364\/revisions\/383"}],"wp:featuredmedia":[{"embeddable":true,"href":"https:\/\/centrulvitalis.com\/hu\/wp-json\/wp\/v2\/media\/373"}],"wp:attachment":[{"href":"https:\/\/centrulvitalis.com\/hu\/wp-json\/wp\/v2\/media?parent=364"}],"wp:term":[{"taxonomy":"category","embeddable":true,"href":"https:\/\/centrulvitalis.com\/hu\/wp-json\/wp\/v2\/categories?post=364"},{"taxonomy":"post_tag","embeddable":true,"href":"https:\/\/centrulvitalis.com\/hu\/wp-json\/wp\/v2\/tags?post=364"}],"curies":[{"name":"wp","href":"https:\/\/api.w.org\/{rel}","templated":true}]}}