{"id":236,"date":"2017-01-26T08:00:51","date_gmt":"2017-01-26T08:00:51","guid":{"rendered":"http:\/\/centrulvitalis.com\/hu\/?p=236"},"modified":"2017-02-09T09:50:52","modified_gmt":"2017-02-09T09:50:52","slug":"frissito-hetkezdo-es-lazito-hetzaro-meditacio-es-hangfurdo","status":"publish","type":"post","link":"https:\/\/centrulvitalis.com\/hu\/2017\/01\/26\/frissito-hetkezdo-es-lazito-hetzaro-meditacio-es-hangfurdo\/","title":{"rendered":"Egy dallamot d\u00fadol a lelk\u00fcnk! Hangf\u00fcrd\u0151 \u00e9s medit\u00e1ci\u00f3 a harm\u00f3nikus p\u00e1rkapcsolat\u00e9rt!"},"content":{"rendered":"<p><img loading=\"lazy\" decoding=\"async\" class=\"alignnone size-large wp-image-221\" src=\"http:\/\/centrulvitalis.com\/hu\/wp-content\/uploads\/2016\/08\/DSC_0396-1024x678.jpg\" alt=\"\" width=\"604\" height=\"400\" srcset=\"https:\/\/centrulvitalis.com\/hu\/wp-content\/uploads\/2016\/08\/DSC_0396-1024x678.jpg 1024w, https:\/\/centrulvitalis.com\/hu\/wp-content\/uploads\/2016\/08\/DSC_0396-300x199.jpg 300w, https:\/\/centrulvitalis.com\/hu\/wp-content\/uploads\/2016\/08\/DSC_0396-768x509.jpg 768w\" sizes=\"auto, (max-width: 604px) 100vw, 604px\" \/><\/p>\n<p>P\u00e1rkapcsolati harm\u00f3nia a k\u00f6vetkez\u0151 hangf\u00fcrd\u0151 t\u00e9mak\u00f6re.<\/p>\n<p>Kinek sz\u00f3l? A Te lelkednek sz\u00f3l a hangf\u00fcrd\u0151- szingliknek \u00e9s p\u00e1rkapcsolatban l\u00e9v\u0151knek, mag\u00e1nyosoknak \u00e9s boldog h\u00e1zasoknak, n\u0151knek \u00e9s f\u00e9rfiaknak&#8230;mindazoknak akik \u00f6nmagukkal \u00e9s t\u00e1rsukkal szeretn\u00e9nek harm\u00f3ni\u00e1ba ker\u00fclni.<\/p>\n<p><em>\u00c9letutunk egyes szakaszaiban egyed\u00fcl haladunk el\u0151re, m\u00edg m\u00e1s szakaszaiban egy m\u00e1sik l\u00e9lek \u00a0szeg\u0151dik mell\u00e9nk k\u00eds\u00e9r\u0151nek, t\u00e1rsnak. Van aki r\u00f6videbb, m\u00e1s hosszabb id\u0151re, m\u00edg a l\u00e9lekt\u00e1rsunk egy eg\u00e9sz \u00e9letre. F\u00fcggetlen\u00fcl att\u00f3l, hogy \u00e9pp keres\u0151ben vagy, vagy m\u00e1r p\u00e1rkapcsolatban \u00e9lsz a Te lelkednek sz\u00f3l ez a hangf\u00fcrd\u0151. Seg\u00edt abban, hogy megtal\u00e1ld \u00f6nmagadban \u00a0azt a bels\u0151 harm\u00f3ni\u00e1t, amelyhez egy m\u00e1sik ember kapcsol\u00f3dni tud. K\u00e9t l\u00e9lek \u00f6sszhangja nem azt jelenti, hogy egy rug\u00f3ra j\u00e1r az agyuk, hanem azt, hogy egy dallamot d\u00fadol a lelk\u00fck. A hangf\u00fcrd\u0151, a nep\u00e1li hangt\u00e1lak, a Gong \u00e9s m\u00e1s egyedi \u00a0intuit\u00edv eszk\u00f6z\u00f6k csod\u00e1s hangj\u00e1t \u00e9s k\u00fcl\u00f6nleges rezg\u00e9seit h\u00edvja seg\u00edts\u00e9g\u00fcl hogy meghalld lelked harm\u00f3nikus dallam\u00e1t.<\/em><\/p>\n<p><strong>R\u00e9szv\u00e9teli felt\u00e9telek:<\/strong> Nem sz\u00fcks\u00e9ges semmilyen el\u0151zetes j\u00e1rtass\u00e1g, tapasztalat. Semmi m\u00e1st nem kell tenned, csak hozd \u00f6nmagad \u00e9s engedd, hogy a hangok \u00e9s rezg\u00e9sek \u00e1tj\u00e1rj\u00e1k tested -lelked.<\/p>\n<p>V\u00e1rjuk mindazokat, akik szeretn\u00e9k megaj\u00e1nd\u00e9kozni \u00d6nmagukat \u00fajszer\u0171 \u00e9lm\u00e9nyekkel, bels\u0151 nyugalommal \u00e9s felfriss\u00fcl\u00e9ssel.<\/p>\n<p>V\u00e1laszthatsz k\u00e9s\u0151 d\u00e9lut\u00e1ni vagy kora esti id\u0151pontot ig\u00e9nyednek megfelel\u0151en szabad helyek f\u00fcggv\u00e9ny\u00e9ben minden h\u00e9tf\u0151n \u00e9s p\u00e9nteken!<br \/>\nA hangf\u00fcrd\u0151 megrendez\u00e9s\u00e9hez sz\u00fcks\u00e9ges minim\u00e1lis l\u00e9tsz\u00e1m 5 f\u0151!<\/p>\n<p><strong>A hangf\u00fcrd\u0151k id\u0151pontjai:<\/strong><br \/>\n<span style=\"color: #993366;\"><strong>Febru\u00e1r 13. H\u00e9tf\u0151 d\u00e9lut\u00e1n 17.00-19.00 \u00f3ra k\u00f6z\u00f6tt<\/strong><\/span><\/p>\n<p><span style=\"color: #993366;\"><strong>Febru\u00e1r 17. P\u00e9ntek \u00a0d\u00e9lut\u00e1n 17.00-19.00 \u00f3ra k\u00f6z\u00f6tt illetve este 19.30-21.30 k\u00f6z\u00f6tt<\/strong><\/span><\/p>\n<p>K\u00e9rj\u00fck a pontos megjelen\u00e9st a zavartalan kezd\u00e9s \u00e9rdek\u00e9ben!<br \/>\nA hangf\u00fcrd\u0151 ut\u00e1n forr\u00f3 te\u00e1t kortyolgatunk \u00e9s lehet\u0151s\u00e9g ny\u00edlik szabad besz\u00e9lget\u00e9sre \u00e9s kipr\u00f3b\u00e1lni az eszk\u00f6z\u00f6ket.<\/p>\n<p><strong>Helysz\u00edn:<\/strong> Vit\u00e1lis K\u00f6zpont, Ion Creanga utca 1 sz\u00e1m, (els\u0151 bej\u00e1rat) Marosv\u00e1s\u00e1rhely<br \/>\n<strong>\u00d6lt\u00f6zet:<\/strong> k\u00e9nyelmes, meleg puha takar\u00f3t \u00e9s kisp\u00e1rn\u00e1t biztos\u00edtunk<br \/>\nAkik a harmonikus rezg\u00e9seket \u00e9s hangulatot megteremtik: <span style=\"color: #008000;\"><strong>Reg\u0151s Csaba hangmassz\u0151r<\/strong> Peter Hess Akademia\/Budapest, <strong>Dr. Ily\u00e9s Zsolt stressz kezel\u00e9si tan\u00e1csad\u00f3 \u00e9s reiki terapeuta<\/strong>.<\/span><\/p>\n<p><strong>R\u00e9szv\u00e9teli d\u00edj:<\/strong> 30 RON\/f\u0151.<br \/>\nA korl\u00e1tozott helyekre val\u00f3 tekintettel a r\u00e9szv\u00e9tel csak el\u0151zetes bejelentkez\u00e9s alapj\u00e1n lehets\u00e9ges. (legk\u00e9s\u0151bb1 nappal el\u0151tte v\u00e1rjuk r\u00e9szv\u00e9teli sz\u00e1nd\u00e9kod)<\/p>\n<p><strong>Bejelentkez\u00e9s: Telefon :<\/strong> 0741735443 Reg\u0151s Csaba,<br \/>\n<strong>E-mail:<\/strong> regos.csaba@gmail.com<br \/>\n(Facebookon t\u00f6rt\u00e9n\u0151 bejelentkez\u00e9s nem el\u00e9gs\u00e9ges)<\/p>\n<p>K\u00e9rj\u00fck bejelentkez\u00e9skor add meg pontos el\u00e9rhet\u0151s\u00e9ged: N\u00e9v, telefon, e-mail illetve azt hogy melyik id\u0151pontra k\u00edv\u00e1nsz helyet foglalni.<\/p>\n<p><strong>Ismerkedj meg a szervez\u0151kkel:<\/strong><\/p>\n<p><a href=\"http:\/\/marosvasarhelyi.info\/csevej\/hangmasszazs-titkairol-gyogyito-hangok-es-rezgesek-interju-regos-csaba-hangmasszorrel\" target=\"_blank\" rel=\"nofollow nofollow\">http:\/\/<wbr \/>marosvasarhelyi.info\/<wbr \/>csevej\/<wbr \/>hangmasszazs-titkairol-gyog<wbr \/>yito-hangok-es-rezgesek-in<wbr \/>terju-regos-csaba-hangmass<wbr \/>zorrel<\/a><\/p>\n<p>&nbsp;<\/p>\n<p><span style=\"border-radius: 2px; text-indent: 20px; width: auto; padding: 0px 4px 0px 0px; text-align: center; font: bold 11px\/20px 'Helvetica Neue',Helvetica,sans-serif; color: #ffffff; background: #bd081c no-repeat scroll 3px 50% \/ 14px 14px; position: absolute; opacity: 1; z-index: 8675309; display: none; cursor: pointer;\">Save<\/span><\/p>\n","protected":false},"excerpt":{"rendered":"<p>P\u00e1rkapcsolati harm\u00f3nia a k\u00f6vetkez\u0151 hangf\u00fcrd\u0151 t\u00e9mak\u00f6re. Kinek sz\u00f3l? A Te lelkednek sz\u00f3l a hangf\u00fcrd\u0151- szingliknek \u00e9s p\u00e1rkapcsolatban l\u00e9v\u0151knek, mag\u00e1nyosoknak \u00e9s boldog h\u00e1zasoknak, n\u0151knek \u00e9s f\u00e9rfiaknak&#8230;mindazoknak akik \u00f6nmagukkal \u00e9s t\u00e1rsukkal szeretn\u00e9nek harm\u00f3ni\u00e1ba ker\u00fclni. \u00c9letutunk egyes szakaszaiban egyed\u00fcl haladunk el\u0151re, m\u00edg m\u00e1s szakaszaiban egy m\u00e1sik l\u00e9lek \u00a0szeg\u0151dik mell\u00e9nk k\u00eds\u00e9r\u0151nek, t\u00e1rsnak. Van aki r\u00f6videbb, m\u00e1s hosszabb id\u0151re, m\u00edg &hellip; <a href=\"https:\/\/centrulvitalis.com\/hu\/2017\/01\/26\/frissito-hetkezdo-es-lazito-hetzaro-meditacio-es-hangfurdo\/\" class=\"more-link\"><span class=\"screen-reader-text\">Egy dallamot d\u00fadol a lelk\u00fcnk! Hangf\u00fcrd\u0151 \u00e9s medit\u00e1ci\u00f3 a harm\u00f3nikus p\u00e1rkapcsolat\u00e9rt!<\/span> b\u0151vebben&#8230; <span class=\"meta-nav\">&rarr;<\/span><\/a><\/p>\n","protected":false},"author":1,"featured_media":0,"comment_status":"closed","ping_status":"closed","sticky":false,"template":"","format":"standard","meta":{"footnotes":""},"categories":[20],"tags":[23,24,27,31,29,34,30],"class_list":["post-236","post","type-post","status-publish","format-standard","hentry","category-hangfurdo","tag-hangmassazs-erdelyben","tag-hangmasszazs-marosvasarhelyen","tag-hangmasszazs-vasarhely","tag-hangtal-terapia","tag-nepali-hangtal","tag-peter-hess-hangtalak","tag-rezgesterapia"],"_links":{"self":[{"href":"https:\/\/centrulvitalis.com\/hu\/wp-json\/wp\/v2\/posts\/236","targetHints":{"allow":["GET"]}}],"collection":[{"href":"https:\/\/centrulvitalis.com\/hu\/wp-json\/wp\/v2\/posts"}],"about":[{"href":"https:\/\/centrulvitalis.com\/hu\/wp-json\/wp\/v2\/types\/post"}],"author":[{"embeddable":true,"href":"https:\/\/centrulvitalis.com\/hu\/wp-json\/wp\/v2\/users\/1"}],"replies":[{"embeddable":true,"href":"https:\/\/centrulvitalis.com\/hu\/wp-json\/wp\/v2\/comments?post=236"}],"version-history":[{"count":2,"href":"https:\/\/centrulvitalis.com\/hu\/wp-json\/wp\/v2\/posts\/236\/revisions"}],"predecessor-version":[{"id":242,"href":"https:\/\/centrulvitalis.com\/hu\/wp-json\/wp\/v2\/posts\/236\/revisions\/242"}],"wp:attachment":[{"href":"https:\/\/centrulvitalis.com\/hu\/wp-json\/wp\/v2\/media?parent=236"}],"wp:term":[{"taxonomy":"category","embeddable":true,"href":"https:\/\/centrulvitalis.com\/hu\/wp-json\/wp\/v2\/categories?post=236"},{"taxonomy":"post_tag","embeddable":true,"href":"https:\/\/centrulvitalis.com\/hu\/wp-json\/wp\/v2\/tags?post=236"}],"curies":[{"name":"wp","href":"https:\/\/api.w.org\/{rel}","templated":true}]}}