{"id":175,"date":"2017-11-29T06:58:27","date_gmt":"2017-11-29T06:58:27","guid":{"rendered":"http:\/\/centrulvitalis.com\/hu\/?p=175"},"modified":"2017-11-29T21:01:40","modified_gmt":"2017-11-29T21:01:40","slug":"hangfurdo-testnek-es-leleknek","status":"publish","type":"post","link":"https:\/\/centrulvitalis.com\/hu\/2017\/11\/29\/hangfurdo-testnek-es-leleknek\/","title":{"rendered":"&#8222;Hangutaz\u00e1s&#8221; l\u00e9lekt\u0151l l\u00e9lekig! Adventi lelkigyakorlat sorozat hangt\u00e1lak \u00e9s vezetett medit\u00e1ci\u00f3 seg\u00edts\u00e9g\u00e9vel"},"content":{"rendered":"<p><img loading=\"lazy\" decoding=\"async\" class=\"alignnone size-full wp-image-266\" src=\"http:\/\/centrulvitalis.com\/hu\/wp-content\/uploads\/2016\/08\/meditation-gold2.jpg\" alt=\"\" width=\"711\" height=\"500\" srcset=\"https:\/\/centrulvitalis.com\/hu\/wp-content\/uploads\/2016\/08\/meditation-gold2.jpg 711w, https:\/\/centrulvitalis.com\/hu\/wp-content\/uploads\/2016\/08\/meditation-gold2-300x211.jpg 300w\" sizes=\"auto, (max-width: 711px) 100vw, 711px\" \/><\/p>\n<p>Az\u00a0 adventi hangutaz\u00e1s l\u00e9lekt\u0151l l\u00e9lekig, a nep\u00e1li hangt\u00e1lak \u00e9s a Gong csod\u00e1s hangj\u00e1t \u00e9s k\u00fcl\u00f6nleges rezg\u00e9seit h\u00edvja seg\u00edts\u00e9g\u00fcl, hogy a medit\u00e1ci\u00f3 bels\u0151 \u00e9lm\u00e9nye \u00e1ltal hangol\u00f3dj r\u00e1 finoman a Szeretet \u00fcnnep\u00e9re.<\/p>\n<p>Az adventi id\u0151szak a kett\u0151ss\u00e9gek jegy\u00e9ben zajlik.\u00a0 Ahol f\u00e9ny van, ott \u00e1rny\u00e9k is van, \u00e9s csak akkor tudjuk igaz\u00e1n meg\u00e9lni az \u00fcnnep teljess\u00e9g\u00e9t, ha el\u0151tte szemben\u00e9z\u00fcnk mindazokkal a lelki dolgainkkal, amelyek be\u00e1rny\u00e9kolhatj\u00e1k az \u00dcnnep igazi l\u00e9nyeg\u00e9t.\u00a0 A t\u00e9m\u00e1ink ehhez kapcsol\u00f3dnak \u00e9s a hangutaz\u00e1sok sorozat, a ragaszkod\u00e1s-elenged\u00e9s, az \u00edt\u00e9lkez\u00e9s-elfogad\u00e1s, a b\u0171nh\u0151d\u00e9s-megbocs\u00e1jt\u00e1s, valamint a szeretetlens\u00e9g \u00e9s szeretetteljess\u00e9g kett\u0151ss\u00e9geinek felold\u00e1sa \u00e1ltal juttat az \u00dcnnep Egys\u00e9g\u00e9nek meg\u00e9l\u00e9s\u00e9hez!<\/p>\n<p><span style=\"color: #993366;\"><strong>A hangf\u00fcrd\u0151k id\u0151pontjai \u00e9s t\u00e9m\u00e1i:\u00a0<\/strong><\/span>v\u00e1lassz tetsz\u0151legesen a napirendednek megfelel\u0151en d\u00e9lut\u00e1ni vagy esti id\u0151pontot illetve t\u00e9m\u00e1t! Aj\u00e1nlott a lelki gyakorlat sorozat mindegyik\u00e9n r\u00e9sztvenni, de alkalmi r\u00e9szv\u00e9tel is lehets\u00e9ges egy-egy<span style=\"color: #000000;\"> t\u00e9m\u00e1ban!<\/span><\/p>\n<div><strong>December 4.\u00a0 H\u00e9tf\u0151\u00a0 17.00-19.00-ig , illetve\u00a0 esti csoport 19.30-21.30-ig<\/strong><\/div>\n<div><em><strong><span style=\"color: #800080;\">T\u00e9ma:\u00a0 Ragaszkod\u00e1s-Elenged\u00e9s<\/span><\/strong><\/em><\/div>\n<div><strong>December 7.\u00a0 Cs\u00fct\u00f6rt\u00f6k\u00a017.00-19.00, illetve\u00a0 esti csoport19.30-21.30-ig<\/strong><\/div>\n<div><strong><em><span style=\"color: #800080;\">T\u00e9ma:\u00a0<\/span><\/em><\/strong><strong><span style=\"color: #800080;\">\u00cdt\u00e9lkez\u00e9s-Elfogad\u00e1s<\/span><\/strong><\/div>\n<div><strong>December 11. H\u00e9tf\u0151\u00a0 17.00-19.00-ig , illetve\u00a0 esti csoport 19.30-21.30-ig<\/strong><\/div>\n<div><strong><span style=\"color: #800080;\">T\u00e9ma:\u00a0 <\/span><\/strong><strong><em><span style=\"color: #800080;\">B\u0171nh\u0151d\u00e9s-Megbocs\u00e1jt\u00e1s<\/span><\/em><\/strong><\/div>\n<div><strong> December 14.\u00a0 Cs\u00fct\u00f6rt\u00f6k\u00a017.00-19.00, illetve\u00a0 esti csoport19.30-21.30-ig<\/strong><\/div>\n<div><strong><span style=\"color: #800080;\">T\u00e9ma:<\/span> <span style=\"color: #800080;\">Szeretetlens\u00e9g-Szeretetteljess\u00e9g<\/span><\/strong><\/div>\n<div><\/div>\n<p><strong><span style=\"color: #993366;\">R\u00e9szv\u00e9teli felt\u00e9telek:<\/span><\/strong> Nem sz\u00fcks\u00e9ges s<span class=\"text_exposed_show\">emmilyen el\u0151zetes j\u00e1rtass\u00e1g, tapasztalat. Semmi m\u00e1st nem kell tenned, csak hozd \u00f6nmagad \u00e9s engedd hogy a hangok \u00e9s rezg\u00e9sek \u00e1tj\u00e1rj\u00e1k tested -lelked.<br \/>\nV\u00e1rjuk mindazokat, akik szeretn\u00e9k megaj\u00e1nd\u00e9kozni \u00d6nmagukat \u00fajszer\u0171 \u00e9lm\u00e9nyekkel,<br \/>\nV\u00e1laszthatsz k\u00e9s\u0151 d\u00e9lut\u00e1ni vagy kora esti id\u0151pontot ig\u00e9nyednek megfelel\u0151en szabad helyek f\u00fcggv\u00e9ny\u00e9ben.<br \/>\nA hangf\u00fcrd\u0151 megrendez\u00e9s\u00e9hez sz\u00fcks\u00e9ges minim\u00e1lis l\u00e9tsz\u00e1m 5-6 f\u0151, maxim\u00e1lis l\u00e9tsz\u00e1m 8 f\u0151.<\/span><\/p>\n<p>A vezetett medit\u00e1ci\u00f3 <strong><span style=\"color: #800080;\">magyar<\/span> <\/strong>nyelven zajlik, de sz\u00edvesen v\u00e1rjuk mindazokat a r\u00e9sztvev\u0151ket akik hagyj\u00e1k lelk\u00fcket a hangt\u00e1lak univerz\u00e1lis nyelve \u00e1ltal kalauzolni!<\/p>\n<p><span class=\"text_exposed_show\"><span style=\"color: #993366;\"><strong>Helysz\u00edn:<\/strong> <\/span>Vit\u00e1lis K\u00f6zpont,<strong><span style=\"color: #993366;\"> Ion Creanga utca 1 sz\u00e1m,<\/span><\/strong> (els\u0151 bej\u00e1rat) Marosv\u00e1s\u00e1rhely<br \/>\n<span style=\"color: #993366;\"><strong>\u00d6lt\u00f6zet:<\/strong><\/span> k\u00e9nyelmes, meleg puha takar\u00f3t \u00e9s kisp\u00e1rn\u00e1t biztos\u00edtunk<br \/>\nAkik a harm\u00f3nikus rezg\u00e9seket \u00e9s megteremtik \u00e9s a lelkigyakorlatot\u00a0 vezetik : <span style=\"color: #993366;\"><strong>Reg\u0151s Csaba hangmassz\u0151r Peter Hess Akademia\/Budapest, Dr. Ily\u00e9s Zsolt pszihi\u00e1ter szakorvos, stressz kezel\u00e9si szakember \u00e9s Reiki terapeuta.<\/strong><\/span><\/span><\/p>\n<p><span style=\"color: #993366;\"><strong>R\u00e9szv\u00e9teli d\u00edj:<\/strong><\/span> 35 Ron\/f\u0151.<br \/>\nA korl\u00e1tozott helyekre val\u00f3 tekintettel a r\u00e9szv\u00e9tel csak el\u0151zetes bejelentkez\u00e9s alapj\u00e1n lehets\u00e9ges. (legk\u00e9s\u0151bb1 nappal el\u0151tte v\u00e1rjuk r\u00e9szv\u00e9teli sz\u00e1nd\u00e9kod!!!!!)<\/p>\n<p><span style=\"color: #993366;\"><strong>Bejelentkez\u00e9s: Telefon : 0741735443 Reg\u0151s Csaba, 0745915022 Ily\u00e9s Zsolt<\/strong><\/span><br \/>\n<span style=\"color: #993366;\"><strong>E-mail: regos.csaba@gmail.com, zsolt_ilyes@yahoo.com<\/strong><\/span><br \/>\n(Facebookon t\u00f6rt\u00e9n\u0151 bejelentkez\u00e9s nem el\u00e9gs\u00e9ges)<\/p>\n<p>K\u00e9rj\u00fck bejelentkez\u00e9skor add meg pontos el\u00e9rhet\u0151s\u00e9ged: N\u00e9v, telefon, e-mail illetve azt hogy melyik id\u0151pontra k\u00edv\u00e1nsz helyet foglalni.<\/p>\n<p><span class=\"text_exposed_show\">K\u00e9rj\u00fck a pontos megjelen\u00e9st a zavartalan kezd\u00e9s \u00e9rdek\u00e9ben!<br \/>\nA hangf\u00fcrd\u0151 ut\u00e1n forr\u00f3 te\u00e1t kortyolgatunk \u00e9s lehet\u0151s\u00e9g ny\u00edlik szabad besz\u00e9lget\u00e9sre \u00e9s kipr\u00f3b\u00e1lni az eszk\u00f6z\u00f6ket.<br \/>\n<\/span><\/p>\n<p><span style=\"color: #993366;\"><strong>Ismerkedj meg a szervez\u0151kkel:<\/strong> <\/span><\/p>\n<p><a href=\"http:\/\/marosvasarhelyi.info\/csevej\/hangmasszazs-titkairol-gyogyito-hangok-es-rezgesek-interju-regos-csaba-hangmasszorrel\" target=\"_blank\" rel=\"nofollow nofollow noopener\">http:\/\/<wbr \/>marosvasarhelyi.info\/<wbr \/>csevej\/<wbr \/>hangmasszazs-titkairol-gyog<wbr \/>yito-hangok-es-rezgesek-in<wbr \/>terju-regos-csaba-hangmass<wbr \/>zorrel<\/a><\/p>\n<p><a href=\"http:\/\/l.facebook.com\/l.php?u=http%3A%2F%2Fcentrulvitalis.com%2Fhu%2F2015%2F03%2F01%2Fszeretettel-udvozollek-a-marosvasarhelyi-reiki-csoportban%2F&amp;h=nAQF_zZKZ&amp;enc=AZOZ5GQl0Ehd8GyppmtGUtdE28Jich9eH0SCLokKxX5AbRQvxnfIavZRUGus8axGnkY&amp;s=1\" target=\"_blank\" rel=\"nofollow nofollow noopener\">http:\/\/centrulvitalis.com\/<wbr \/>hu\/2015\/03\/01\/<wbr \/>szeretettel-udvozollek-a-ma<wbr \/>rosvasarhelyi-reiki-csopor<wbr \/>tban\/<\/a><\/p>\n<p><strong>Aj\u00e1nd\u00e9kozz \u00e9lm\u00e9nyt szeretteidnek. Hangmassz\u00e1zs, hangf\u00fcrd\u0151 \u00e9s m\u00e1s aj\u00e1nd\u00e9kutalv\u00e9nyok itt:<\/strong><\/p>\n<p><a href=\"http:\/\/l.facebook.com\/l.php?u=http%3A%2F%2Fcentrulvitalis.com%2Fhu%2Fajandekutalvanyok%2F&amp;h=lAQEbxCfg&amp;enc=AZPy8tuEmvApRFjdwfM_prREEqxaqX-Q4IrNY7bFjuZ-Y5pCITPGhcBm2RkpVmw4Ecs&amp;s=1\" target=\"_blank\" rel=\"nofollow nofollow noopener\">http:\/\/centrulvitalis.com\/<wbr \/>hu\/ajandekutalvanyok\/<\/a><\/p>\n<h3><span style=\"color: #993366;\"><strong>B\u0151vebben a Hangf\u00fcrd\u0151r\u0151l:<\/strong><\/span><\/h3>\n<p>A Hangf\u00fcrd\u0151 egy olyan zenei \u00e9s spiritu\u00e1lis kalandoz\u00e1s, ahol egyedi k\u00e9zzel k\u00e9sz\u00fclt nep\u00e1li hangt\u00e1lak, gong \u00e9s egy\u00e9b vibroakusztikus eszk\u00f6z\u00f6k harmonikus hangjainak seg\u00edts\u00e9g\u00e9vel mindenki fel\u00fclemelkedhet a h\u00e9tk\u00f6znapi gondolatok kavalk\u00e1dj\u00e1n, \u00e9s elhagyva az elme ir\u00e1ny\u00edt\u00e1s\u00e1t a sz\u00edv ter\u00e9be helyezkedhet.<\/p>\n<p>Az eg\u00e9szs\u00e9ges j\u00f3l hangolt szervezet, saj\u00e1t ide\u00e1lis frekvenci\u00e1j\u00e1n rezeg. Az \u00e1rtalmas hat\u00e1sok ezt a harm\u00f3ni\u00e1t megzavarhatj\u00e1k \u00e9s kialakulhatnak a betegs\u00e9gek. A hangf\u00fcrd\u0151 sor\u00e1n keltett rezg\u00e9sek seg\u00edtenek \u00fajra hangolni a szervezetet \u00e9s szel\u00edden lebontj\u00e1k a falakat, melyek elhat\u00e1rolnak az egys\u00e9gt\u0151l.<\/p>\n<figure id=\"attachment_176\" aria-describedby=\"caption-attachment-176\" style=\"width: 700px\" class=\"wp-caption alignnone\"><img loading=\"lazy\" decoding=\"async\" class=\"size-full wp-image-176\" src=\"http:\/\/centrulvitalis.com\/hu\/wp-content\/uploads\/2016\/08\/hangtal-csorgo2.jpg\" alt=\"Fot\u00f3: Reg\u0151s Csaba\" width=\"700\" height=\"524\" srcset=\"https:\/\/centrulvitalis.com\/hu\/wp-content\/uploads\/2016\/08\/hangtal-csorgo2.jpg 700w, https:\/\/centrulvitalis.com\/hu\/wp-content\/uploads\/2016\/08\/hangtal-csorgo2-300x225.jpg 300w\" sizes=\"auto, (max-width: 700px) 100vw, 700px\" \/><figcaption id=\"caption-attachment-176\" class=\"wp-caption-text\">Fot\u00f3: Reg\u0151s Csaba<\/figcaption><\/figure>\n<p>A vibroakusztikus eszk\u00f6z\u00f6k \u00e1ltal keltett hangok \u00e9s rezg\u00e9sek m\u00e9lyen behatolva az idegrendszerbe \u00e9s a v\u00e9r\u00e1ramba, eljutnak minden egyes sejthez, levezetve az ott felgy\u0171lt fesz\u00fclts\u00e9get \u00e9s k\u00e1ros stresszt. A hangf\u00fcrd\u0151 beind\u00edtja a szervezet \u00f6ntisztul\u00e1si folyamatait \u00e9s fel\u00e9breszti a test \u00f6ngy\u00f3gy\u00edt\u00f3 k\u00e9pess\u00e9g\u00e9t.<\/p>\n<p>Nincs k\u00e9t hasonl\u00f3 hangz\u00e1s, hiszen mindig a r\u00e9sztvev\u0151kkel k\u00f6z\u00f6s rezonancia j\u00f6n l\u00e9tre \u00e9s mindig az aktu\u00e1lis energi\u00e1k seg\u00edts\u00e9g\u00e9vel pont az t\u00f6rt\u00e9nik mindenkiben, amire neki \u00e9ppen sz\u00fcks\u00e9ge van.<\/p>\n<figure id=\"attachment_178\" aria-describedby=\"caption-attachment-178\" style=\"width: 700px\" class=\"wp-caption alignnone\"><img loading=\"lazy\" decoding=\"async\" class=\"size-full wp-image-178\" src=\"http:\/\/centrulvitalis.com\/hu\/wp-content\/uploads\/2016\/08\/hangtal-erdoben.jpg\" alt=\"Fot\u00f3: Reg\u0151s Csaba\" width=\"700\" height=\"524\" srcset=\"https:\/\/centrulvitalis.com\/hu\/wp-content\/uploads\/2016\/08\/hangtal-erdoben.jpg 700w, https:\/\/centrulvitalis.com\/hu\/wp-content\/uploads\/2016\/08\/hangtal-erdoben-300x225.jpg 300w\" sizes=\"auto, (max-width: 700px) 100vw, 700px\" \/><figcaption id=\"caption-attachment-178\" class=\"wp-caption-text\">Fot\u00f3: Reg\u0151s Csaba<\/figcaption><\/figure>\n<p>A harmonikus rezg\u00e9s\u0171 nep\u00e1li hangt\u00e1lakkal \u00e9s gonggal megrezegtetett leveg\u0151, a v\u00edzbe dobott kavicshoz hasonl\u00f3an hanghull\u00e1mok form\u00e1j\u00e1ban \u00e9ri el test\u00fcnket. Ezek a rezg\u00e9sek l\u00e1gyan \u00e9s finoman \u201e\u00e1tmoss\u00e1k\u201d, szervezet\u00fcnket, lelk\u00fcnket, aur\u00e1nkat. A test\u00fcnk kb. 70-80%-a folyad\u00e9k, melyben a hull\u00e1mok gyorsan tovaterjednek \u00e9s k\u00f6zben az \u00e9rzelmi, energetikai vagy fizikai blokkok is felold\u00f3dnak. Mindez \u00e9lvezetes \u00e9lm\u00e9nyk\u00e9nt, k\u00f6nnyed\u00e9n t\u00f6rt\u00e9nik, csak r\u00e1 kell sz\u00e1nni az id\u0151t \u00e9s a v\u00e1lasztott legk\u00e9nyelmesebb poz\u00edci\u00f3ban (\u00fclve vagy fekve) ellazulni, hallgatni \u00e9s beengedni minden \u00e9rz\u00e9kszerv\u00fcnk\u00f6n kereszt\u00fcl a hangokat \u00e9s rezg\u00e9seket.<\/p>\n<p>A rezg\u00e9sek hat\u00e1s\u00e1ra beindulnak az \u00f6ngy\u00f3gy\u00edt\u00f3 folyamatok, amik pontosan a megfelel\u0151 sorrendben seg\u00edtenek elengedni, harmoniz\u00e1lni, begy\u00f3gy\u00edtani a sebeket, elengedni a f\u00e9lelmeket, szorong\u00e1sokat. A hangf\u00fcrd\u0151 t\u00f6k\u00e9letesen alkalmas a fesz\u00fclts\u00e9gek \u00e9s terhek elenged\u00e9s\u00e9re, laz\u00edt\u00e1sra, relax\u00e1l\u00e1sra, vizualiz\u00e1ci\u00f3 t\u00e1mogat\u00e1s\u00e1ra, medit\u00e1l\u00e1sra.<\/p>\n<figure id=\"attachment_177\" aria-describedby=\"caption-attachment-177\" style=\"width: 700px\" class=\"wp-caption alignnone\"><img loading=\"lazy\" decoding=\"async\" class=\"size-full wp-image-177\" src=\"http:\/\/centrulvitalis.com\/hu\/wp-content\/uploads\/2016\/08\/hangtal-csorgo3.jpg\" alt=\"Fot\u00f3: Reg\u0151s Csaba\" width=\"700\" height=\"524\" srcset=\"https:\/\/centrulvitalis.com\/hu\/wp-content\/uploads\/2016\/08\/hangtal-csorgo3.jpg 700w, https:\/\/centrulvitalis.com\/hu\/wp-content\/uploads\/2016\/08\/hangtal-csorgo3-300x225.jpg 300w\" sizes=\"auto, (max-width: 700px) 100vw, 700px\" \/><figcaption id=\"caption-attachment-177\" class=\"wp-caption-text\">Fot\u00f3: Reg\u0151s Csaba<\/figcaption><\/figure>\n","protected":false},"excerpt":{"rendered":"<p>Az\u00a0 adventi hangutaz\u00e1s l\u00e9lekt\u0151l l\u00e9lekig, a nep\u00e1li hangt\u00e1lak \u00e9s a Gong csod\u00e1s hangj\u00e1t \u00e9s k\u00fcl\u00f6nleges rezg\u00e9seit h\u00edvja seg\u00edts\u00e9g\u00fcl, hogy a medit\u00e1ci\u00f3 bels\u0151 \u00e9lm\u00e9nye \u00e1ltal hangol\u00f3dj r\u00e1 finoman a Szeretet \u00fcnnep\u00e9re. Az adventi id\u0151szak a kett\u0151ss\u00e9gek jegy\u00e9ben zajlik.\u00a0 Ahol f\u00e9ny van, ott \u00e1rny\u00e9k is van, \u00e9s csak akkor tudjuk igaz\u00e1n meg\u00e9lni az \u00fcnnep teljess\u00e9g\u00e9t, ha el\u0151tte &hellip; <a href=\"https:\/\/centrulvitalis.com\/hu\/2017\/11\/29\/hangfurdo-testnek-es-leleknek\/\" class=\"more-link\"><span class=\"screen-reader-text\">&#8222;Hangutaz\u00e1s&#8221; l\u00e9lekt\u0151l l\u00e9lekig! Adventi lelkigyakorlat sorozat hangt\u00e1lak \u00e9s vezetett medit\u00e1ci\u00f3 seg\u00edts\u00e9g\u00e9vel<\/span> b\u0151vebben&#8230; <span class=\"meta-nav\">&rarr;<\/span><\/a><\/p>\n","protected":false},"author":1,"featured_media":0,"comment_status":"closed","ping_status":"closed","sticky":false,"template":"","format":"standard","meta":{"footnotes":""},"categories":[20,18],"tags":[23,28,24,25,27,31,29,34,33,26,30,32],"class_list":["post-175","post","type-post","status-publish","format-standard","hentry","category-hangfurdo","category-hangtal-terapia","tag-hangmassazs-erdelyben","tag-hangmasszazs-hangtallal","tag-hangmasszazs-marosvasarhelyen","tag-hangmasszazs-regos-csaba","tag-hangmasszazs-vasarhely","tag-hangtal-terapia","tag-nepali-hangtal","tag-peter-hess-hangtalak","tag-regos-csaba","tag-regos-csaba-hangmasszazs","tag-rezgesterapia","tag-tibeti-hangtal-tibeti-hangtalterapia"],"_links":{"self":[{"href":"https:\/\/centrulvitalis.com\/hu\/wp-json\/wp\/v2\/posts\/175","targetHints":{"allow":["GET"]}}],"collection":[{"href":"https:\/\/centrulvitalis.com\/hu\/wp-json\/wp\/v2\/posts"}],"about":[{"href":"https:\/\/centrulvitalis.com\/hu\/wp-json\/wp\/v2\/types\/post"}],"author":[{"embeddable":true,"href":"https:\/\/centrulvitalis.com\/hu\/wp-json\/wp\/v2\/users\/1"}],"replies":[{"embeddable":true,"href":"https:\/\/centrulvitalis.com\/hu\/wp-json\/wp\/v2\/comments?post=175"}],"version-history":[{"count":2,"href":"https:\/\/centrulvitalis.com\/hu\/wp-json\/wp\/v2\/posts\/175\/revisions"}],"predecessor-version":[{"id":270,"href":"https:\/\/centrulvitalis.com\/hu\/wp-json\/wp\/v2\/posts\/175\/revisions\/270"}],"wp:attachment":[{"href":"https:\/\/centrulvitalis.com\/hu\/wp-json\/wp\/v2\/media?parent=175"}],"wp:term":[{"taxonomy":"category","embeddable":true,"href":"https:\/\/centrulvitalis.com\/hu\/wp-json\/wp\/v2\/categories?post=175"},{"taxonomy":"post_tag","embeddable":true,"href":"https:\/\/centrulvitalis.com\/hu\/wp-json\/wp\/v2\/tags?post=175"}],"curies":[{"name":"wp","href":"https:\/\/api.w.org\/{rel}","templated":true}]}}