{"id":117,"date":"2015-03-01T16:28:51","date_gmt":"2015-03-01T16:28:51","guid":{"rendered":"http:\/\/centrulvitalis.com\/hu\/?p=117"},"modified":"2015-03-01T16:40:55","modified_gmt":"2015-03-01T16:40:55","slug":"reiki-mint-eletut","status":"publish","type":"post","link":"https:\/\/centrulvitalis.com\/hu\/2015\/03\/01\/reiki-mint-eletut\/","title":{"rendered":"Reiki mint \u00e9let\u00fat&#8230;"},"content":{"rendered":"<p><em>Ha id\u0151d engedi, \u00e9s <strong>szem\u00e9lyesebb hangv\u00e9telben<\/strong> szeretn\u00e9l olvasni arr\u00f3l, hogy sz\u00e1momra hogyan v\u00e1lt j\u00e1rhat\u00f3v\u00e1 ez az \u00fat, \u00e9s\u00a0 orvosk\u00e9nt mik\u00e9nt egyeztethet\u0151 \u00f6ssze a hagyom\u00e1nyos gy\u00f3gy\u00edt\u00e1s \u00e9s az energetikai gy\u00f3gy\u00e1szat a k\u00f6vetkez\u0151 bejegyz\u00e9sben megteheted:<\/em><\/p>\n<p>Fiatal orvostanhallgat\u00f3 voltam, amikor el\u0151sz\u00f6r kezembe ker\u00fclt egy k\u00f6nyv, amely egy <strong>utaz\u00e1sra<\/strong> h\u00edvott. Utaz\u00e1sra egy olyan vil\u00e1gba, amelynek r\u00e9szesei vagyunk minden pillanatban, m\u00e9gis sok apr\u00f3 csod\u00e1ja m\u00e9g felfedez\u00e9sre v\u00e1r.<\/p>\n<p>Anthony de Mello k\u00f6nyve volt, ha j\u00f3l eml\u00e9kszem az els\u0151 olyan<strong> l\u00e9lek\u00e9breszt\u0151<\/strong>, amely k\u00edv\u00e1ncsiv\u00e1 tett, hogy megismerjem az emberi l\u00e9t egy m\u00e1sik dimenzi\u00f3j\u00e1t.<\/p>\n<p>\u201c<em>Mindannyian utazunk, egy nagy aut\u00f3buszon sok m\u00e1s ember t\u00e1rsas\u00e1g\u00e1ban, de vakon, hiszen az ablakred\u0151ny\u00f6k le vannak h\u00fazva. Csak azt l\u00e1tjuk, ami a legsz\u0171kebb k\u00f6rnyezet\u00fcnkben t\u00f6rt\u00e9nik \u00e9s sz\u00e1munkra ez lesz a val\u00f3s\u00e1g. Odakint azonban gy\u00f6ny\u00f6r\u0171 helyeken kanyarog az \u00fat, ragyog\u00f3an s\u00fct a nap, kellemes a szell\u0151 simogat\u00e1sa, a madarak hangja, a vir\u00e1gok illata.<\/em> \u201d &#8211; \u00edrta a szerz\u0151.<\/p>\n<p>Meg\u00e9rtettem, hogy abban a pillanatban, mikor megsz\u00fcletik benned a tiszta v\u00e1gy \u00e9s k\u00edv\u00e1ncsis\u00e1g, hogy megismerd azt a vil\u00e1got, akkor felh\u00fazod a red\u0151nyt \u00e9s megl\u00e1tod, hogy egy eg\u00e9sz m\u00e1s vil\u00e1g v\u00e1r r\u00e1d odakint. Ha meg elj\u00f6n a megfelel\u0151 pillanat, akkor el\u00e9g b\u00e1tor leszel ahhoz is, hogy lesz\u00e1llj, \u00e9s \u00f6nmagad \u00fatj\u00e1t, sors\u00e1t j\u00e1rd ebben a vil\u00e1gban.<\/p>\n<p>Leny\u0171g\u00f6z\u00f6tt a k\u00f6nyv \u00e9s elgondolkodtatott is egyben.<\/p>\n<p>Sz\u00e1momra addig a val\u00f3s\u00e1got az \u00e9letr\u0151l \u00e9s emberr\u0151l az jelentette, amit, mint orvostanhallgat\u00f3 megtanultam testr\u0151l \u00e9s a test\u00fcnkben zajl\u00f3 \u00e9lettani folyamatokr\u00f3l. Anat\u00f3mia, \u00e9lettan, sejtbiol\u00f3gia, biofizika \u00e9s m\u00e9g sorolhatn\u00e1m mindazokat a tant\u00e1rgyakat, amelyek r\u00e9szletes pontoss\u00e1ggal \u00edrj\u00e1k le, hogy hogyan m\u0171k\u00f6dik ez a csod\u00e1latos test\u00fcnk. Miut\u00e1n orvosi diplom\u00e1t szereztem a pszichi\u00e1tria jelentette sz\u00e1momra a legk\u00f6zelebbi utat ahhoz, hogy a testen t\u00fal az emberi elm\u00e9vel, gondolat \u00e9s \u00e9rz\u00e9svil\u00e1ggal k\u00f6zelebbr\u0151l megismerkedjek. Szomjaztam erre a tud\u00e1sra is, azonban m\u00e9g valami mindig hi\u00e1nyzott. \u00dagy \u00e9reztem m\u00e9g valami sz\u00fcks\u00e9ges ahhoz, hogy teljes legyen a k\u00e9p.<\/p>\n<p>2008-ban kiss\u00e9 szkeptikusan, elv\u00e1r\u00e1sok n\u00e9lk\u00fcl, de nyitottan jelentkeztem a Reiki Egyes\u00fclet egyik tanfolyam\u00e1ra. Sz\u00e1momra sorford\u00edt\u00f3 \u00e9s meghat\u00e1roz\u00f3an j\u00f3 \u00e9lm\u00e9ny volt a<strong> behangol\u00e1s<\/strong> \u00e9s sem a j\u00f3zan eszem, sem az addig \u00f6sszegy\u0171jt\u00f6tt tud\u00e1som nem adott magyar\u00e1zatot arra, hogy mi t\u00f6rt\u00e9nt velem a reiki behangol\u00e1s ut\u00e1n. Csak k\u00e9s\u0151bb \u00e9rtettem meg, hogy nem volt semmi misztikus, vagy var\u00e1zslatos dolog, csup\u00e1n annyi, hogy a behangol\u00e1s \u00e1ltal pillanatok alatt felg\u00f6rd\u00fclt az a red\u0151ny, ami az addig sz\u00e1momra<strong> ismeretlen dimenzi\u00f3t<\/strong> takarta. Megv\u00e1gytam \u00e9s el\u00e9g b\u00e1tors\u00e1got is gy\u0171jt\u00f6ttem, hogy lesz\u00e1lljak arr\u00f3l a buszr\u00f3l, amely vakon \u00e9s tal\u00e1n c\u00e9ltalanul visz az \u00e9letbe \u00e9s saj\u00e1t utamat j\u00e1rjam.<\/p>\n<p>A reiki r\u00e9sze lett a h\u00e9tk\u00f6znapjaimnak \u00e9s egy<strong> \u00e1lland\u00f3 er\u0151forr\u00e1snak<\/strong> bizonyult. Amint az els\u0151 szem\u00e9lyes eredm\u00e9nyek jelentkeztek egyre hitelesebb\u00e9 v\u00e1lt sz\u00e1momra a technika \u00e9s sz\u00fcks\u00e9g\u00e9t \u00e9reztem annak, hogy ezt m\u00e1ssal is megosszam. Eleinte csal\u00e1d \u00e9s bar\u00e1ti k\u00f6rben haszn\u00e1ltam a technik\u00e1t, azt\u00e1n teret kapott a paciensekkel val\u00f3 gy\u00f3gy\u00edt\u00f3 folyamatban is. Sok esetben bizonyult hat\u00e1sosnak \u00e9s a visszajelz\u00e9sek alapj\u00e1n is megtapasztalhattam azt, <strong>ha tiszta csatorna vagyok, akkor val\u00f3ban m\u0171k\u00f6dik.<\/strong><\/p>\n<p>A kezdeti lelkesed\u00e9s ut\u00e1n egy olyan peri\u00f3dus k\u00f6vetkezett, amely sor\u00e1n a hol a klasszikus testi-lelki gy\u00f3gy\u00e1szat, hol pedig az energetikai \u00e9s spiritu\u00e1lis technik\u00e1k k\u00f6z\u00f6tt v\u00edv\u00f3dtam hol erre, hol meg arra billentve el a m\u00e9rleg m\u00e9rc\u00e9j\u00e9t. K\u00e9t t\u0171z k\u00f6z\u00e9 ker\u00fcltem \u00e9s hol ezt, hol azt v\u00e9ltem igaznak.<strong> K\u00e9telyek \u00e9s hitek<\/strong> k\u00f6z\u00f6tt verg\u0151dtem. Meg\u00e9rtettem, hogy a h\u00e1bor\u00faban csak vesztesek vannak, \u00edgy b\u00e9k\u00e9t k\u00f6t\u00f6ttem \u00f6nmagammal. Egy olyan vil\u00e1g, ahol lassan a test-elme-l\u00e9lek, a fizikai vil\u00e1g \u00e9s a spiritu\u00e1lis l\u00e9t, megtal\u00e1lta a j\u00f3l meghat\u00e1rozott hely\u00e9t. Itt csend van \u00e9s nyugalom \u00e9s egyre ink\u00e1bb vonz\u00f3dom ehhez az \u00e9letform\u00e1hoz annak ellen\u00e9re hogy m\u00e9g minig vannak pillanatok \u00e9s \u00e9lethelyzetek amelyek kibillentenek bel\u0151le.<\/p>\n<p><strong>A tud\u00e1s k\u00f6telez<\/strong> \u00e9s felel\u0151ss\u00e9gv\u00e1llal\u00e1sra tan\u00edt. H\u00e1rom \u00e9ve fogalmaz\u00f3dott meg bennem, hogy ezt a technik\u00e1t szeretn\u00e9m megismertetni mindazokkal az emberekkel akik fontosak sz\u00e1momra \u00e9s megszerveztem az <strong>els\u0151 reiki tanfolyamot Marosv\u00e1s\u00e1rhelyen<\/strong> ahov\u00e1 megh\u00edvtam a Reiki Egyes\u00fclet egyik oktat\u00f3j\u00e1t Bibo Jen\u0151t, akinek h\u00e1l\u00e1val tartozom hogy seg\u00edtett beind\u00edtani a marosv\u00e1s\u00e1rhelyi \u00e9s gyergy\u00f3szentmikl\u00f3si reiki csoportot.<\/p>\n<p>2012 augusztus\u00e1ban kaptam meg a reiki oktat\u00f3 c\u00edmet tan\u00edtomt\u00f3l Simon Enik\u0151t\u0151l aki mindig szeretettel, de hat\u00e1rozottan seg\u00edtett azokban a pillanatokban amikor erre sz\u00fcks\u00e9gem volt.<\/p>\n<p>Marosv\u00e1s\u00e1rhelyen t\u00f6bb szem\u00e9ly v\u00e9gezte el a hagyom\u00e1nyos Reiki Usui Shiki Ryoho k\u00e9pz\u00e9st \u00e9s alkalmazza ezt a energetikai technik\u00e1t. A csoportunk nagyon v\u00e1ltozatos, az emberek k\u00fcl\u00f6nb\u00f6z\u0151 nyitotts\u00e1ggal, elt\u00e9r\u0151 szakmai k\u00e9pzetts\u00e9ggel rendelkeznek de egy k\u00f6z\u00f6s c\u00e9l vez\u00e9rli kiegyens\u00falyozottabban, eg\u00e9szs\u00e9gesebben \u00e9lni a mindennapjaikat \u00e9s szeretettel viszonyulni az \u00e9let minden megnyilv\u00e1nul\u00e1s\u00e1hoz.<\/p>\n<p>V\u00e1runk t\u00e9ged is szeretettel a csoportba!<\/p>\n","protected":false},"excerpt":{"rendered":"<p>Ha id\u0151d engedi, \u00e9s szem\u00e9lyesebb hangv\u00e9telben szeretn\u00e9l olvasni arr\u00f3l, hogy sz\u00e1momra hogyan v\u00e1lt j\u00e1rhat\u00f3v\u00e1 ez az \u00fat, \u00e9s\u00a0 orvosk\u00e9nt mik\u00e9nt egyeztethet\u0151 \u00f6ssze a hagyom\u00e1nyos gy\u00f3gy\u00edt\u00e1s \u00e9s az energetikai gy\u00f3gy\u00e1szat a k\u00f6vetkez\u0151 bejegyz\u00e9sben megteheted: Fiatal orvostanhallgat\u00f3 voltam, amikor el\u0151sz\u00f6r kezembe ker\u00fclt egy k\u00f6nyv, amely egy utaz\u00e1sra h\u00edvott. Utaz\u00e1sra egy olyan vil\u00e1gba, amelynek r\u00e9szesei vagyunk minden pillanatban, &hellip; <a href=\"https:\/\/centrulvitalis.com\/hu\/2015\/03\/01\/reiki-mint-eletut\/\" class=\"more-link\"><span class=\"screen-reader-text\">Reiki mint \u00e9let\u00fat&#8230;<\/span> b\u0151vebben&#8230; <span class=\"meta-nav\">&rarr;<\/span><\/a><\/p>\n","protected":false},"author":1,"featured_media":0,"comment_status":"closed","ping_status":"closed","sticky":false,"template":"","format":"standard","meta":{"footnotes":""},"categories":[15],"tags":[],"class_list":["post-117","post","type-post","status-publish","format-standard","hentry","category-reiki-bemutatkozas"],"_links":{"self":[{"href":"https:\/\/centrulvitalis.com\/hu\/wp-json\/wp\/v2\/posts\/117","targetHints":{"allow":["GET"]}}],"collection":[{"href":"https:\/\/centrulvitalis.com\/hu\/wp-json\/wp\/v2\/posts"}],"about":[{"href":"https:\/\/centrulvitalis.com\/hu\/wp-json\/wp\/v2\/types\/post"}],"author":[{"embeddable":true,"href":"https:\/\/centrulvitalis.com\/hu\/wp-json\/wp\/v2\/users\/1"}],"replies":[{"embeddable":true,"href":"https:\/\/centrulvitalis.com\/hu\/wp-json\/wp\/v2\/comments?post=117"}],"version-history":[{"count":1,"href":"https:\/\/centrulvitalis.com\/hu\/wp-json\/wp\/v2\/posts\/117\/revisions"}],"predecessor-version":[{"id":118,"href":"https:\/\/centrulvitalis.com\/hu\/wp-json\/wp\/v2\/posts\/117\/revisions\/118"}],"wp:attachment":[{"href":"https:\/\/centrulvitalis.com\/hu\/wp-json\/wp\/v2\/media?parent=117"}],"wp:term":[{"taxonomy":"category","embeddable":true,"href":"https:\/\/centrulvitalis.com\/hu\/wp-json\/wp\/v2\/categories?post=117"},{"taxonomy":"post_tag","embeddable":true,"href":"https:\/\/centrulvitalis.com\/hu\/wp-json\/wp\/v2\/tags?post=117"}],"curies":[{"name":"wp","href":"https:\/\/api.w.org\/{rel}","templated":true}]}}