{"id":111,"date":"2018-02-01T09:55:58","date_gmt":"2018-02-01T09:55:58","guid":{"rendered":"http:\/\/centrulvitalis.com\/hu\/?p=111"},"modified":"2022-01-17T18:27:35","modified_gmt":"2022-01-17T18:27:35","slug":"szeretettel-udvozollek-a-marosvasarhelyi-reiki-csoportban","status":"publish","type":"post","link":"https:\/\/centrulvitalis.com\/hu\/2018\/02\/01\/szeretettel-udvozollek-a-marosvasarhelyi-reiki-csoportban\/","title":{"rendered":"Szeretettel \u00fcdv\u00f6z\u00f6llek!"},"content":{"rendered":"<p><strong data-blogger-escaped-style=\"mso-bidi-font-weight: normal;\">Szeretettel \u00fcdv\u00f6z\u00f6llek kedves l\u00e1togat\u00f3<\/strong><strong data-blogger-escaped-style=\"mso-bidi-font-weight: normal;\">!<\/strong><\/p>\n<p><em data-blogger-escaped-style=\"mso-bidi-font-style: normal;\">Nyitott \u00e9s k\u00edv\u00e1ncsi vagy egy olyan m\u00f3dszer ir\u00e1nt, amely seg\u00edt testi-lelki j\u00f3l\u00e9ted, valamint bels\u0151 egyens\u00falyod meg\u0151rz\u00e9s\u00e9ben?<\/em><\/p>\n<p><em data-blogger-escaped-style=\"mso-bidi-font-style: normal;\">Engedd meg, hogy egy p\u00e1r \u00faj gondolat \u00e9s inform\u00e1ci\u00f3 fele kalauzoljak.<\/em><\/p>\n<p>A nevem <strong>Ily\u00e9s Zsolt<\/strong>, <strong>reiki oktat\u00f3<\/strong> vagyok, \u00e9s &#8211; hivat\u00e1som szerint &#8211; <strong>pszichi\u00e1ter szakorvos.<\/strong> Tanulm\u00e1nyaimat a Marosv\u00e1s\u00e1rhelyi Orvosi \u00e9s Gy\u00f3gyszer\u00e9szeti Egyetemen, majd Pszichi\u00e1tria Oszt\u00e1lyon v\u00e9geztem \u00e9s h\u00e1l\u00e1s vagyok mindazoknak az oktat\u00f3aknak, akik az \u00e9vek folyam\u00e1n tud\u00e1sukat \u00e1tadt\u00e1k.<\/p>\n<p>Szakmai t\u00e9ren a <strong>pszihoszomatika<\/strong> \u00e9s a <strong>stressz management<\/strong> ter\u00e9n dolgozom, egy alternat\u00edv eg\u00e9szs\u00e9g\u00fcgyi szolg\u00e1ltat\u00e1sokat ny\u00fajt\u00f3 k\u00f6zpontban. A reiki m\u00f3dszert 2008-ban a <strong>Brass\u00f3i Reiki Egyes\u00fclet<\/strong> keretein bel\u00fcl saj\u00e1t\u00edtottam el, az\u00f3ta rendszeresen gyakorlom, \u00e9s k\u00e9t \u00e9ve tan\u00edtom.<\/p>\n<p>A reiki sz\u00e1momra szabadon \u00e9s term\u00e9szetesen j\u00e1rhat\u00f3 \u00fat, mivel teret adott \u00fagy az orvosi tud\u00e1somnak, mint az eddigi hitrendszeremnek, kib\u0151v\u00edtve \u00e9s gazdag\u00edtva azokat. \u00c9n ez\u00e9rt v\u00e1lasztottam.<\/p>\n<p>Orvosk\u00e9nt fontos sz\u00e1momra, hogy a reiki az <strong>Eg\u00e9szs\u00e9g\u00fcgyi Vil\u00e1gszervezet<\/strong> \u00e1ltal is elismert m\u00f3dszer. Kieg\u00e9sz\u00edt\u0151 kezel\u00e9sk\u00e9nt sikerrel alkalmazom a szervezet energetikai egyens\u00faly\u00e1nak a helyre\u00e1ll\u00edt\u00e1s\u00e1ra, stressz levezet\u00e9s\u00e9re \u00e9s a <strong>testi-lelki t\u00fcnetek enyh\u00edt\u00e9s\u00e9re.<\/strong> A reiki azonban t\u00f6bb egy \u00f6ngy\u00f3gy\u00edt\u00f3 technik\u00e1n\u00e1l. Sz\u00e1momra egy \u00e9letszeml\u00e9let, egy <strong>spiritu\u00e1lis \u00fat<\/strong> is egyben, amely sor\u00e1n a l\u00e9lek szel\u00edden, term\u00e9szetes \u00faton fejl\u0151dik seg\u00edtve a <strong>szem\u00e9lyis\u00e9g kibontakoz\u00e1s\u00e1t<\/strong>, \u00e9s a benn\u00fcnk l\u00e9v\u0151 legjobb <strong>er\u0151forr\u00e1sok megtal\u00e1l\u00e1s\u00e1t. <\/strong><\/p>\n<p>2012-t\u0151l a Brass\u00f3i Reiki Usui Egyes\u00fclet tagjak\u00e9nt, de f\u00fcggetlen reiki oktat\u00f3k\u00e9nt szervezek tanfolyamokat Marosv\u00e1s\u00e1rhelyen a hagyom\u00e1nyos <strong>Reiki Usui Shiki Ryoho m\u00f3dszerben<\/strong>. A tanfolyam keret\u00e9n bel\u00fcl a r\u00e9sztvev\u0151k egy h\u00e9tv\u00e9ge sor\u00e1n megismerkedhetnek a m\u00f3dszer elm\u00e9leti \u00e9s gyakorlati alapjaival valamint elsaj\u00e1t\u00edtj\u00e1k a m\u00f3dszer egy\u00e9ni haszn\u00e1lat\u00e1t. Eddig t\u00f6bb tucat szem\u00e9ly vett r\u00e9szt eddig az \u00e1ltalam vezetett k\u00e9pz\u00e9seken.<\/p>\n<p>A reiki hat\u00e1s\u00e1val kapcsolatban az \u00e9n szem\u00e9lyes, illetve a csoportban r\u00e9sztvev\u0151k tapasztalata teljes m\u00e9rt\u00e9kben megegyezik azokkal a tapasztalatokkal, amelyek az irodalomban vagy tudom\u00e1nyos kutat\u00e1sok kapcs\u00e1n megjelentek.<\/p>\n<p>2014 -ben egy felm\u00e9r\u00e9st k\u00e9sz\u00edtettem a <strong>marosv\u00e1s\u00e1rhelyi reiki csoport<\/strong> 25 akt\u00edv tagjai k\u00f6z\u00f6tt. Arra voltam k\u00edv\u00e1ncsi, hogy a tanfolyamon r\u00e9sztvev\u0151k milyen m\u00e9rt\u00e9kben saj\u00e1t\u00edtott\u00e1k el a m\u00f3dszert, illetve milyen v\u00e1ltoz\u00e1sokat \u00e9szleltek.<\/p>\n<p>A besz\u00e1mol\u00f3k szerint, a tanfolyam ut\u00e1n a legt\u00f6bb r\u00e9sztvev\u0151nek siker\u00fclt beilleszteni a m\u00f3dszert az \u00e9letvitel\u00e9be. A legjelent\u0151sebb v\u00e1ltoz\u00e1sk\u00e9nt az <strong>\u00e9letmin\u0151s\u00e9g\u00fck javul\u00e1s\u00e1t<\/strong> jel\u00f6lt\u00e9k meg egy\u00e9rtelm\u0171en.\u00a0 Fizikai szinten, a reiki legt\u00f6bb esetben a <strong>teljes\u00edt\u0151k\u00e9pess\u00e9g n\u00f6veked\u00e9s\u00e9hez<\/strong> vezetett, a gyakorl\u00f3k er\u0151teljesebbek, energikusabbak lettek.<\/p>\n<p>Eg\u00e9szs\u00e9g\u00fcgyi szempontb\u00f3l hasznosnak bizonyult a <strong>f\u00e1jdalom, l\u00e1zas \u00e1llapotok cs\u00f6kkent\u00e9s\u00e9ben<\/strong>, illetve az <strong>em\u00e9szt\u00e9s jav\u00edt\u00e1s\u00e1ban<\/strong>. \u00c9rzelmi \u00e9s gondolati szinten jobb <strong>stressz kezel\u00e9s, kevesebb szorong\u00e1s \u00e9s f\u00e9lelem, t\u00f6bb t\u00fcrelem, m\u00e9lyebb bels\u0151 nyugalom, jobb \u00f6nbizalom, optimizmus<\/strong> volt a gyakorl\u00f3k megtapasztal\u00e1sa.<\/p>\n<p>Spiritu\u00e1lis s\u00edkon <strong>m\u00e9lyebb hit<\/strong>, jobb tolerancia, <strong>er\u0151sebb szeretet<\/strong>, gazdagabb <strong>intu\u00edci\u00f3k<\/strong>, \u00e9s m\u00e1s spiritu\u00e1lis megtapasztal\u00e1sok voltak jellemz\u0151k.<\/p>\n<p>Ezen eredm\u00e9nyek m\u00e9g ink\u00e1bb <strong>hitelt \u00e9s hitet<\/strong> adtak sz\u00e1momra abban a meggy\u0151z\u0151d\u00e9sben, hogy a tud\u00e1s k\u00f6telez, illetve hogy a j\u00f6v\u0151ben is folytassam a tanfolyamok szervez\u00e9s\u00e9t, hogy min\u00e9l t\u00f6bb ember elsaj\u00e1t\u00edthassa ezt a technik\u00e1t, akinek erre van sz\u00fcks\u00e9ge.<\/p>\n<p><strong>Kilenc \u00e9v reiki tapasztalat<\/strong> t\u00fckr\u00e9ben reiki gyakorl\u00f3k\u00e9nt, oktat\u00f3k\u00e9nt \u00e9s orvosk\u00e9nt elmondhatom, hogy a reiki egy olyan er\u0151forr\u00e1s, amely mindig k\u00e9z\u00fcgyben van minden \u00e9lethelyzetben. Hogy mennyit haszn\u00e1ljuk, az rajtunk m\u00falik, \u00e9s az eredm\u00e9nyek is ennek f\u00fcggv\u00e9ny\u00e9ben egy\u00e9nileg k\u00f6rvonalaz\u00f3dnak.<\/p>\n<p>Amennyiben a m\u00f3dszer felkeltette \u00e9rdekl\u0151d\u00e9sedet \u00e9s sz\u00edvesen kipr\u00f3b\u00e1ln\u00e1d szeretettel v\u00e1runk a <a href=\"http:\/\/centrulvitalis.com\/hu\" data-blogger-escaped-target=\"_blank\">Vitalis K\u00f6zpontba<\/a> ahol lehet\u0151s\u00e9ged ny\u00edlik reiki energiz\u00e1l\u00e1st ig\u00e9nyelni. Amennyiben szeretn\u00e9d <strong>elsaj\u00e1t\u00edtani<\/strong> a technik\u00e1t, jelezd r\u00e9szv\u00e9teli sz\u00e1nd\u00e9kod a k\u00f6vetkez\u0151 reiki tanfolyamra.<\/p>\n<p>B\u0151vebb inform\u00e1ci\u00f3k\u00e9rt, program\u00e1las\u00e9rt jelentkezz a <strong>0745915022<\/strong> telefonsz\u00e1mon, vagy a zsolt_ilyes@yahoo.com e-mail c\u00edmen.<\/p>\n<p>A k\u00f6vetkez\u0151 reiki tanfolyamr\u00f3l b\u0151vebb inform\u00e1ci\u00f3t itt tal\u00e1lsz:<\/p>\n<p><strong data-blogger-escaped-style=\"mso-bidi-font-weight: normal;\">V\u00e1runk szeretettel!<\/strong><\/p>\n","protected":false},"excerpt":{"rendered":"<p>Szeretettel \u00fcdv\u00f6z\u00f6llek kedves l\u00e1togat\u00f3! Nyitott \u00e9s k\u00edv\u00e1ncsi vagy egy olyan m\u00f3dszer ir\u00e1nt, amely seg\u00edt testi-lelki j\u00f3l\u00e9ted, valamint bels\u0151 egyens\u00falyod meg\u0151rz\u00e9s\u00e9ben? Engedd meg, hogy egy p\u00e1r \u00faj gondolat \u00e9s inform\u00e1ci\u00f3 fele kalauzoljak. A nevem Ily\u00e9s Zsolt, reiki oktat\u00f3 vagyok, \u00e9s &#8211; hivat\u00e1som szerint &#8211; pszichi\u00e1ter szakorvos. Tanulm\u00e1nyaimat a Marosv\u00e1s\u00e1rhelyi Orvosi \u00e9s Gy\u00f3gyszer\u00e9szeti Egyetemen, majd Pszichi\u00e1tria Oszt\u00e1lyon &hellip; <a href=\"https:\/\/centrulvitalis.com\/hu\/2018\/02\/01\/szeretettel-udvozollek-a-marosvasarhelyi-reiki-csoportban\/\" class=\"more-link\"><span class=\"screen-reader-text\">Szeretettel \u00fcdv\u00f6z\u00f6llek!<\/span> b\u0151vebben&#8230; <span class=\"meta-nav\">&rarr;<\/span><\/a><\/p>\n","protected":false},"author":1,"featured_media":0,"comment_status":"closed","ping_status":"closed","sticky":true,"template":"","format":"standard","meta":{"footnotes":""},"categories":[14],"tags":[],"class_list":["post-111","post","type-post","status-publish","format-standard","hentry","category-reiki-blog"],"_links":{"self":[{"href":"https:\/\/centrulvitalis.com\/hu\/wp-json\/wp\/v2\/posts\/111","targetHints":{"allow":["GET"]}}],"collection":[{"href":"https:\/\/centrulvitalis.com\/hu\/wp-json\/wp\/v2\/posts"}],"about":[{"href":"https:\/\/centrulvitalis.com\/hu\/wp-json\/wp\/v2\/types\/post"}],"author":[{"embeddable":true,"href":"https:\/\/centrulvitalis.com\/hu\/wp-json\/wp\/v2\/users\/1"}],"replies":[{"embeddable":true,"href":"https:\/\/centrulvitalis.com\/hu\/wp-json\/wp\/v2\/comments?post=111"}],"version-history":[{"count":2,"href":"https:\/\/centrulvitalis.com\/hu\/wp-json\/wp\/v2\/posts\/111\/revisions"}],"predecessor-version":[{"id":339,"href":"https:\/\/centrulvitalis.com\/hu\/wp-json\/wp\/v2\/posts\/111\/revisions\/339"}],"wp:attachment":[{"href":"https:\/\/centrulvitalis.com\/hu\/wp-json\/wp\/v2\/media?parent=111"}],"wp:term":[{"taxonomy":"category","embeddable":true,"href":"https:\/\/centrulvitalis.com\/hu\/wp-json\/wp\/v2\/categories?post=111"},{"taxonomy":"post_tag","embeddable":true,"href":"https:\/\/centrulvitalis.com\/hu\/wp-json\/wp\/v2\/tags?post=111"}],"curies":[{"name":"wp","href":"https:\/\/api.w.org\/{rel}","templated":true}]}}